{"id":83885,"date":"2026-01-29T13:54:44","date_gmt":"2026-01-29T10:54:44","guid":{"rendered":"https:\/\/www.egemtv.com\/?p=83885"},"modified":"2026-01-29T13:54:45","modified_gmt":"2026-01-29T10:54:45","slug":"aydin-kestanesi-yoresel-yemek-yarismasiyla-tanitilacak","status":"publish","type":"post","link":"https:\/\/www.egemtv.com\/?p=83885","title":{"rendered":"Ayd\u0131n kestanesi y\u00f6resel yemek yar\u0131\u015fmas\u0131yla tan\u0131t\u0131lacak"},"content":{"rendered":"<p>Ayd\u0131n\u2019\u0131n \u00f6nemli tar\u0131msal \u00fcr\u00fcnlerinden biri olan kestane Efeler Belediyesi taraf\u0131ndan d\u00fczenlenecek y\u00f6resel yemek yar\u0131\u015fmas\u0131yla mutfaktaki \u00e7ok y\u00f6nl\u00fc kullan\u0131m\u0131yla tan\u0131t\u0131lacak.<\/p>\n<p>Efeler Belediye Ba\u015fkan\u0131 An\u0131l Yeti\u015fkin, kentin yerel de\u011ferlerini \u00f6ne \u00e7\u0131karan sosyal ve k\u00fclt\u00fcrel \u00e7al\u0131\u015fmalara bir yenisini daha eklerken, Efeler Belediyesi taraf\u0131ndan d\u00fczenlenecek olan Ayd\u0131n Kestanesi temal\u0131 Y\u00f6resel Yemek Yar\u0131\u015fmas\u0131 b\u00f6lgenin \u00f6nemli tar\u0131msal \u00fcr\u00fcnlerinden biri olan kestanenin tan\u0131t\u0131m\u0131na katk\u0131 sunmay\u0131 ve yerel mutfak k\u00fclt\u00fcr\u00fcn\u00fc ya\u015fatmay\u0131 ama\u00e7l\u0131yor.<\/p>\n<p>Y\u00f6resel lezzetlerin ustal\u0131kla harmanlanaca\u011f\u0131 etkinli\u011fin ba\u015fvurular\u0131 2 \u015eubat Pazartesi g\u00fcn\u00fcne kadar devam edecek. Yar\u0131\u015fma ise 7 ve 8 \u015fubat tarihlerinde Tepecik D\u00fc\u011f\u00fcn Salonu\u2019nda ger\u00e7ekle\u015ftirilecek. Organizasyonda kestanenin mutfaktaki \u00e7ok y\u00f6nl\u00fc kullan\u0131m\u0131n\u0131 ortaya koyan \u00f6zg\u00fcn tarifler yar\u0131\u015facak.  Efeler Kent Konseyi i\u015f birli\u011fiyle d\u00fczenlenecek olan yar\u0131\u015fmada; kestaneli \u00e7orbalar, so\u011fuk mezeler, salatalar ve i\u015ftah a\u00e7\u0131c\u0131 ba\u015flang\u0131\u00e7lar, kestane unlu ya da b\u00fct\u00fcn kestaneli b\u00f6rekler, \u00e7\u00f6rekler ve hamur i\u015fleri, kestane ile zenginle\u015ftirilmi\u015f etli, sebzeli ve tencere yemekleri, kestaneli pilavlar ile y\u00f6resel bulgur pilavlar\u0131 ve kestane \u015fekerinden pastalara uzanan geni\u015f bir yelpazede lezzetler j\u00fcri kar\u015f\u0131s\u0131na \u00e7\u0131kacak. Ba\u015fvurular Efeler Kent Konseyi Ofisi\u2019ne yap\u0131lacak. Yar\u0131\u015fmaya ili\u015fkin ayr\u0131nt\u0131l\u0131 bilgi almak isteyenler 0501 218 23 24 numaral\u0131 telefondan yetkililere ula\u015fabilecek. Efeler Belediyesi\u2019nin ev sahipli\u011finde d\u00fczenlenecek olan bu yar\u0131\u015fma, Ayd\u0131n kestanesinin gastronomi alan\u0131ndaki de\u011ferini \u00f6n plana \u00e7\u0131karacak.<br \/><\/p>\n","protected":false},"excerpt":{"rendered":"<p>Ayd\u0131n\u2019\u0131n \u00f6nemli tar\u0131msal \u00fcr\u00fcnlerinden biri olan kestane Efeler Belediyesi taraf\u0131ndan d\u00fczenlenecek y\u00f6resel yemek yar\u0131\u015fmas\u0131yla mutfaktaki \u00e7ok y\u00f6nl\u00fc kullan\u0131m\u0131yla tan\u0131t\u0131lacak. Efeler Belediye Ba\u015fkan\u0131 An\u0131l Yeti\u015fkin, kentin yerel de\u011ferlerini \u00f6ne \u00e7\u0131karan sosyal ve k\u00fclt\u00fcrel \u00e7al\u0131\u015fmalara bir yenisini daha eklerken, Efeler Belediyesi taraf\u0131ndan d\u00fczenlenecek olan Ayd\u0131n Kestanesi temal\u0131 Y\u00f6resel Yemek Yar\u0131\u015fmas\u0131 b\u00f6lgenin \u00f6nemli tar\u0131msal \u00fcr\u00fcnlerinden biri olan kestanenin&#8230;<\/p>\n","protected":false},"author":1,"featured_media":83886,"comment_status":"open","ping_status":"open","sticky":false,"template":"","format":"standard","meta":{"_crdt_document":"","footnotes":""},"categories":[1],"tags":[],"class_list":["post-83885","post","type-post","status-publish","format-standard","has-post-thumbnail","hentry","category-guncel"],"_links":{"self":[{"href":"https:\/\/www.egemtv.com\/index.php?rest_route=\/wp\/v2\/posts\/83885","targetHints":{"allow":["GET"]}}],"collection":[{"href":"https:\/\/www.egemtv.com\/index.php?rest_route=\/wp\/v2\/posts"}],"about":[{"href":"https:\/\/www.egemtv.com\/index.php?rest_route=\/wp\/v2\/types\/post"}],"author":[{"embeddable":true,"href":"https:\/\/www.egemtv.com\/index.php?rest_route=\/wp\/v2\/users\/1"}],"replies":[{"embeddable":true,"href":"https:\/\/www.egemtv.com\/index.php?rest_route=%2Fwp%2Fv2%2Fcomments&post=83885"}],"version-history":[{"count":1,"href":"https:\/\/www.egemtv.com\/index.php?rest_route=\/wp\/v2\/posts\/83885\/revisions"}],"predecessor-version":[{"id":83887,"href":"https:\/\/www.egemtv.com\/index.php?rest_route=\/wp\/v2\/posts\/83885\/revisions\/83887"}],"wp:featuredmedia":[{"embeddable":true,"href":"https:\/\/www.egemtv.com\/index.php?rest_route=\/wp\/v2\/media\/83886"}],"wp:attachment":[{"href":"https:\/\/www.egemtv.com\/index.php?rest_route=%2Fwp%2Fv2%2Fmedia&parent=83885"}],"wp:term":[{"taxonomy":"category","embeddable":true,"href":"https:\/\/www.egemtv.com\/index.php?rest_route=%2Fwp%2Fv2%2Fcategories&post=83885"},{"taxonomy":"post_tag","embeddable":true,"href":"https:\/\/www.egemtv.com\/index.php?rest_route=%2Fwp%2Fv2%2Ftags&post=83885"}],"curies":[{"name":"wp","href":"https:\/\/api.w.org\/{rel}","templated":true}]}}