{"id":83882,"date":"2026-01-29T13:35:11","date_gmt":"2026-01-29T10:35:11","guid":{"rendered":"https:\/\/www.egemtv.com\/?p=83882"},"modified":"2026-01-29T13:35:12","modified_gmt":"2026-01-29T10:35:12","slug":"karsiyaka-basketbol-fenerbahce-maci-kapali-gise","status":"publish","type":"post","link":"https:\/\/www.egemtv.com\/?p=83882","title":{"rendered":"Kar\u015f\u0131yaka Basketbol &#8211; Fenerbah\u00e7e ma\u00e7\u0131 kapal\u0131 gi\u015fe"},"content":{"rendered":"<p>Kar\u015f\u0131yaka Basketbol, T\u00fcrkiye Sigorta Basketbol S\u00fcper Ligi\u2019nde 31 Ocak Cumartesi g\u00fcn\u00fc sahas\u0131nda oynayaca\u011f\u0131 Fenerbah\u00e7e ma\u00e7\u0131n\u0131n biletlerinin t\u00fckendi\u011fi duyurdu.<br \/>\n<br \/>Basketbol S\u00fcper Ligi\u2019nin 18. haftas\u0131nda Kar\u015f\u0131yaka Basketbol, 31 Ocak Cumartesi g\u00fcn\u00fc saat 15.30\u2019da Fenerbah\u00e7e\u2019yi a\u011f\u0131rlayacak. Bu kar\u015f\u0131la\u015fmaya ye\u015fil-k\u0131rm\u0131z\u0131l\u0131 taraftarlar b\u00fcy\u00fck ilgi g\u00f6sterdi. Ma\u00e7a iki g\u00fcn kala t\u00fcm biletlerin t\u00fckendi\u011fi a\u00e7\u0131kland\u0131. Konuyla ilgili kul\u00fcpten yap\u0131lan duyuruda, &#8220;Cumartesi g\u00fcn\u00fc saat 15.30\u2019da, Fenerbah\u00e7e Beko ile oynayaca\u011f\u0131m\u0131z kar\u015f\u0131la\u015fman\u0131n biletleri t\u00fckenmi\u015ftir. Yo\u011fun ilginiz i\u00e7in te\u015fekk\u00fcrler b\u00fcy\u00fck Kar\u015f\u0131yaka taraftar\u0131&#8221; denildi.<br \/>\n<br \/>Sezonun ilk yar\u0131s\u0131nda \u0130stanbul\u2019da oynanan kar\u015f\u0131la\u015fmay\u0131 sar\u0131-lacivertliler, 87-73\u2019l\u00fck skorla kazand\u0131.<br \/><\/p>\n","protected":false},"excerpt":{"rendered":"<p>Kar\u015f\u0131yaka Basketbol, T\u00fcrkiye Sigorta Basketbol S\u00fcper Ligi\u2019nde 31 Ocak Cumartesi g\u00fcn\u00fc sahas\u0131nda oynayaca\u011f\u0131 Fenerbah\u00e7e ma\u00e7\u0131n\u0131n biletlerinin t\u00fckendi\u011fi duyurdu. Basketbol S\u00fcper Ligi\u2019nin 18. haftas\u0131nda Kar\u015f\u0131yaka Basketbol, 31 Ocak Cumartesi g\u00fcn\u00fc saat 15.30\u2019da Fenerbah\u00e7e\u2019yi a\u011f\u0131rlayacak. Bu kar\u015f\u0131la\u015fmaya ye\u015fil-k\u0131rm\u0131z\u0131l\u0131 taraftarlar b\u00fcy\u00fck ilgi g\u00f6sterdi. Ma\u00e7a iki g\u00fcn kala t\u00fcm biletlerin t\u00fckendi\u011fi a\u00e7\u0131kland\u0131. Konuyla ilgili kul\u00fcpten yap\u0131lan duyuruda, &#8220;Cumartesi g\u00fcn\u00fc&#8230;<\/p>\n","protected":false},"author":1,"featured_media":83883,"comment_status":"open","ping_status":"open","sticky":false,"template":"","format":"standard","meta":{"_crdt_document":"","footnotes":""},"categories":[4],"tags":[],"class_list":["post-83882","post","type-post","status-publish","format-standard","has-post-thumbnail","hentry","category-spor"],"_links":{"self":[{"href":"https:\/\/www.egemtv.com\/index.php?rest_route=\/wp\/v2\/posts\/83882","targetHints":{"allow":["GET"]}}],"collection":[{"href":"https:\/\/www.egemtv.com\/index.php?rest_route=\/wp\/v2\/posts"}],"about":[{"href":"https:\/\/www.egemtv.com\/index.php?rest_route=\/wp\/v2\/types\/post"}],"author":[{"embeddable":true,"href":"https:\/\/www.egemtv.com\/index.php?rest_route=\/wp\/v2\/users\/1"}],"replies":[{"embeddable":true,"href":"https:\/\/www.egemtv.com\/index.php?rest_route=%2Fwp%2Fv2%2Fcomments&post=83882"}],"version-history":[{"count":1,"href":"https:\/\/www.egemtv.com\/index.php?rest_route=\/wp\/v2\/posts\/83882\/revisions"}],"predecessor-version":[{"id":83884,"href":"https:\/\/www.egemtv.com\/index.php?rest_route=\/wp\/v2\/posts\/83882\/revisions\/83884"}],"wp:featuredmedia":[{"embeddable":true,"href":"https:\/\/www.egemtv.com\/index.php?rest_route=\/wp\/v2\/media\/83883"}],"wp:attachment":[{"href":"https:\/\/www.egemtv.com\/index.php?rest_route=%2Fwp%2Fv2%2Fmedia&parent=83882"}],"wp:term":[{"taxonomy":"category","embeddable":true,"href":"https:\/\/www.egemtv.com\/index.php?rest_route=%2Fwp%2Fv2%2Fcategories&post=83882"},{"taxonomy":"post_tag","embeddable":true,"href":"https:\/\/www.egemtv.com\/index.php?rest_route=%2Fwp%2Fv2%2Ftags&post=83882"}],"curies":[{"name":"wp","href":"https:\/\/api.w.org\/{rel}","templated":true}]}}