{"id":83876,"date":"2026-01-29T13:14:53","date_gmt":"2026-01-29T10:14:53","guid":{"rendered":"https:\/\/www.egemtv.com\/?p=83876"},"modified":"2026-01-29T13:14:54","modified_gmt":"2026-01-29T10:14:54","slug":"manisa-muaythaide-egeye-damga-vurdu","status":"publish","type":"post","link":"https:\/\/www.egemtv.com\/?p=83876","title":{"rendered":"Manisa muaythaide, Ege\u2019ye damga vurdu"},"content":{"rendered":"<p>\u0130zmir\u2019de d\u00fczenlenen Muaythai Ege B\u00f6lge \u015eampiyonas\u0131\u2019nda Manisa tak\u0131m\u0131, 18\u2019i birincilik olmak \u00fczere toplam 38 madalya kazanarak T\u00fcrkiye \u015eampiyonas\u0131 bileti ald\u0131.<br \/>\n<br \/>Muaythai Ege B\u00f6lge \u015eampiyonas\u0131, 22-25 Ocak tarihleri aras\u0131nda \u0130zmir Gaziemir Spor Salonu\u2019nda ger\u00e7ekle\u015ftirildi. \u015eampiyonaya Afyon, Ayd\u0131n, Denizli, \u0130zmir, K\u00fctahya, Manisa, Mu\u011fla ve U\u015fak illerinden toplam 251 sporcu kat\u0131ld\u0131.<br \/>\n<br \/>\u015eampiyona boyunca Manisal\u0131 sporcular, centilmence m\u00fccadele anlay\u0131\u015f\u0131 i\u00e7erisinde sergiledikleri \u00fcst d\u00fczey performansla dikkat \u00e7ekti. Manisa Muaythai Tak\u0131m\u0131, 18 \u015fampiyonluk, 8 ikincilik ve 12 \u00fc\u00e7\u00fcnc\u00fcl\u00fck olmak \u00fczere toplam 38 madalya kazanarak b\u00fcy\u00fck bir ba\u015far\u0131ya imza att\u0131.<br \/>\n<br \/>Elde edilen derecelerle sporcular, U23 ve Elitler kategorisinde nisan ay\u0131nda Mersin\u2019de, Gen\u00e7ler kategorisinde ise haziran ay\u0131nda Adana\u2019da yap\u0131lacak T\u00fcrkiye \u015eampiyonas\u0131\u2019na kat\u0131lma hakk\u0131 kazand\u0131.<br \/>\n<br \/>Muaythai Federasyonu Manisa \u0130l Temsilcisi Ahmet Demiraslan, \u015fampiyonada Manisa\u2019y\u0131 gen\u00e7ler, U23 ve elit b\u00fcy\u00fckler kategorilerinde toplam 45 sporcunun temsil etti\u011fini belirtti. Demiraslan, bu \u00f6nemli ba\u015far\u0131da eme\u011fi bulunan t\u00fcm antren\u00f6rlere te\u015fekk\u00fcr ederek, sporcular\u0131 yaln\u0131z b\u0131rakmayan Ege B\u00f6lge E\u011fitim Kurulu Ba\u015fkan\u0131 ve ayn\u0131 zamanda \u015eehzadeler Halk E\u011fitimi M\u00fcd\u00fcr\u00fc olan \u0130lyas Kayaokay\u2019a da desteklerinden dolay\u0131 te\u015fekk\u00fcrlerini iletti.<br \/><\/p>\n","protected":false},"excerpt":{"rendered":"<p>\u0130zmir\u2019de d\u00fczenlenen Muaythai Ege B\u00f6lge \u015eampiyonas\u0131\u2019nda Manisa tak\u0131m\u0131, 18\u2019i birincilik olmak \u00fczere toplam 38 madalya kazanarak T\u00fcrkiye \u015eampiyonas\u0131 bileti ald\u0131. Muaythai Ege B\u00f6lge \u015eampiyonas\u0131, 22-25 Ocak tarihleri aras\u0131nda \u0130zmir Gaziemir Spor Salonu\u2019nda ger\u00e7ekle\u015ftirildi. \u015eampiyonaya Afyon, Ayd\u0131n, Denizli, \u0130zmir, K\u00fctahya, Manisa, Mu\u011fla ve U\u015fak illerinden toplam 251 sporcu kat\u0131ld\u0131. \u015eampiyona boyunca Manisal\u0131 sporcular, centilmence m\u00fccadele anlay\u0131\u015f\u0131&#8230;<\/p>\n","protected":false},"author":1,"featured_media":83877,"comment_status":"open","ping_status":"open","sticky":false,"template":"","format":"standard","meta":{"_crdt_document":"","footnotes":""},"categories":[4],"tags":[],"class_list":["post-83876","post","type-post","status-publish","format-standard","has-post-thumbnail","hentry","category-spor"],"_links":{"self":[{"href":"https:\/\/www.egemtv.com\/index.php?rest_route=\/wp\/v2\/posts\/83876","targetHints":{"allow":["GET"]}}],"collection":[{"href":"https:\/\/www.egemtv.com\/index.php?rest_route=\/wp\/v2\/posts"}],"about":[{"href":"https:\/\/www.egemtv.com\/index.php?rest_route=\/wp\/v2\/types\/post"}],"author":[{"embeddable":true,"href":"https:\/\/www.egemtv.com\/index.php?rest_route=\/wp\/v2\/users\/1"}],"replies":[{"embeddable":true,"href":"https:\/\/www.egemtv.com\/index.php?rest_route=%2Fwp%2Fv2%2Fcomments&post=83876"}],"version-history":[{"count":1,"href":"https:\/\/www.egemtv.com\/index.php?rest_route=\/wp\/v2\/posts\/83876\/revisions"}],"predecessor-version":[{"id":83878,"href":"https:\/\/www.egemtv.com\/index.php?rest_route=\/wp\/v2\/posts\/83876\/revisions\/83878"}],"wp:featuredmedia":[{"embeddable":true,"href":"https:\/\/www.egemtv.com\/index.php?rest_route=\/wp\/v2\/media\/83877"}],"wp:attachment":[{"href":"https:\/\/www.egemtv.com\/index.php?rest_route=%2Fwp%2Fv2%2Fmedia&parent=83876"}],"wp:term":[{"taxonomy":"category","embeddable":true,"href":"https:\/\/www.egemtv.com\/index.php?rest_route=%2Fwp%2Fv2%2Fcategories&post=83876"},{"taxonomy":"post_tag","embeddable":true,"href":"https:\/\/www.egemtv.com\/index.php?rest_route=%2Fwp%2Fv2%2Ftags&post=83876"}],"curies":[{"name":"wp","href":"https:\/\/api.w.org\/{rel}","templated":true}]}}