{"id":83870,"date":"2026-01-29T12:55:02","date_gmt":"2026-01-29T09:55:02","guid":{"rendered":"https:\/\/www.egemtv.com\/?p=83870"},"modified":"2026-01-29T12:55:03","modified_gmt":"2026-01-29T09:55:03","slug":"emette-siddetin-turleri-ve-sosyal-hizmetlerin-calismalari-konulu-bilgilendirme-etkinligi","status":"publish","type":"post","link":"https:\/\/www.egemtv.com\/?p=83870","title":{"rendered":"Emet\u2019te &#8220;\u015eiddetin T\u00fcrleri ve Sosyal Hizmetlerin \u00c7al\u0131\u015fmalar\u0131&#8221; konulu bilgilendirme etkinli\u011fi"},"content":{"rendered":"<p>Emet \u0130l\u00e7e M\u00fcft\u00fcl\u00fc\u011f\u00fc taraf\u0131ndan toplumsal fark\u0131ndal\u0131\u011f\u0131n art\u0131r\u0131lmas\u0131 amac\u0131yla &#8220;\u015eiddetin T\u00fcrleri ve Sosyal Hizmetlerin Yapt\u0131\u011f\u0131 \u00c7al\u0131\u015fmalar&#8221; konulu bilgilendirme etkinli\u011fi ger\u00e7ekle\u015ftirildi.<br \/>\n<br \/>Hamam\u00f6n\u00fc Camii\u2019nde d\u00fczenlenen programa Tav\u015fanl\u0131 Sosyal Hizmetler Merkezi yetkilileri de kat\u0131ld\u0131. Programda; fiziksel, psikolojik, ekonomik ve dijital \u015fiddet ba\u015fta olmak \u00fczere \u015fiddetin farkl\u0131 t\u00fcrleri ele al\u0131n\u0131rken, bu alanlarda sosyal hizmetler taraf\u0131ndan sunulan destek mekanizmalar\u0131 hakk\u0131nda kat\u0131l\u0131mc\u0131lara detayl\u0131 bilgiler verildi.<br \/>\n<br \/>Etkinlikte, \u015fiddetin \u00f6nlenmesinde aile yap\u0131s\u0131n\u0131n g\u00fc\u00e7lendirilmesi, bilin\u00e7li bireylerin yeti\u015ftirilmesi ve kurumlar aras\u0131 i\u015f birli\u011finin b\u00fcy\u00fck \u00f6nem ta\u015f\u0131d\u0131\u011f\u0131 vurguland\u0131. Ayr\u0131ca vatanda\u015flar\u0131n kar\u015f\u0131la\u015fabilecekleri olumsuz durumlarda ba\u015fvurabilecekleri resmi kurumlar ve izlemeleri gereken yollar hakk\u0131nda bilgilendirme yap\u0131ld\u0131.<br \/>\n<br \/>Program, kat\u0131l\u0131mc\u0131lar\u0131n sorular\u0131n\u0131n yan\u0131tland\u0131\u011f\u0131 soru-cevap b\u00f6l\u00fcm\u00fcn\u00fcn ard\u0131ndan dilek ve temennilerle sona erdi.<br \/><\/p>\n","protected":false},"excerpt":{"rendered":"<p>Emet \u0130l\u00e7e M\u00fcft\u00fcl\u00fc\u011f\u00fc taraf\u0131ndan toplumsal fark\u0131ndal\u0131\u011f\u0131n art\u0131r\u0131lmas\u0131 amac\u0131yla &#8220;\u015eiddetin T\u00fcrleri ve Sosyal Hizmetlerin Yapt\u0131\u011f\u0131 \u00c7al\u0131\u015fmalar&#8221; konulu bilgilendirme etkinli\u011fi ger\u00e7ekle\u015ftirildi. Hamam\u00f6n\u00fc Camii\u2019nde d\u00fczenlenen programa Tav\u015fanl\u0131 Sosyal Hizmetler Merkezi yetkilileri de kat\u0131ld\u0131. Programda; fiziksel, psikolojik, ekonomik ve dijital \u015fiddet ba\u015fta olmak \u00fczere \u015fiddetin farkl\u0131 t\u00fcrleri ele al\u0131n\u0131rken, bu alanlarda sosyal hizmetler taraf\u0131ndan sunulan destek mekanizmalar\u0131 hakk\u0131nda kat\u0131l\u0131mc\u0131lara&#8230;<\/p>\n","protected":false},"author":1,"featured_media":83871,"comment_status":"open","ping_status":"open","sticky":false,"template":"","format":"standard","meta":{"_crdt_document":"","footnotes":""},"categories":[1],"tags":[],"class_list":["post-83870","post","type-post","status-publish","format-standard","has-post-thumbnail","hentry","category-guncel"],"_links":{"self":[{"href":"https:\/\/www.egemtv.com\/index.php?rest_route=\/wp\/v2\/posts\/83870","targetHints":{"allow":["GET"]}}],"collection":[{"href":"https:\/\/www.egemtv.com\/index.php?rest_route=\/wp\/v2\/posts"}],"about":[{"href":"https:\/\/www.egemtv.com\/index.php?rest_route=\/wp\/v2\/types\/post"}],"author":[{"embeddable":true,"href":"https:\/\/www.egemtv.com\/index.php?rest_route=\/wp\/v2\/users\/1"}],"replies":[{"embeddable":true,"href":"https:\/\/www.egemtv.com\/index.php?rest_route=%2Fwp%2Fv2%2Fcomments&post=83870"}],"version-history":[{"count":1,"href":"https:\/\/www.egemtv.com\/index.php?rest_route=\/wp\/v2\/posts\/83870\/revisions"}],"predecessor-version":[{"id":83872,"href":"https:\/\/www.egemtv.com\/index.php?rest_route=\/wp\/v2\/posts\/83870\/revisions\/83872"}],"wp:featuredmedia":[{"embeddable":true,"href":"https:\/\/www.egemtv.com\/index.php?rest_route=\/wp\/v2\/media\/83871"}],"wp:attachment":[{"href":"https:\/\/www.egemtv.com\/index.php?rest_route=%2Fwp%2Fv2%2Fmedia&parent=83870"}],"wp:term":[{"taxonomy":"category","embeddable":true,"href":"https:\/\/www.egemtv.com\/index.php?rest_route=%2Fwp%2Fv2%2Fcategories&post=83870"},{"taxonomy":"post_tag","embeddable":true,"href":"https:\/\/www.egemtv.com\/index.php?rest_route=%2Fwp%2Fv2%2Ftags&post=83870"}],"curies":[{"name":"wp","href":"https:\/\/api.w.org\/{rel}","templated":true}]}}