{"id":83867,"date":"2026-01-29T12:55:01","date_gmt":"2026-01-29T09:55:01","guid":{"rendered":"https:\/\/www.egemtv.com\/?p=83867"},"modified":"2026-01-29T12:55:02","modified_gmt":"2026-01-29T09:55:02","slug":"tavsanlida-tutunle-mucadele-seferberligi","status":"publish","type":"post","link":"https:\/\/www.egemtv.com\/?p=83867","title":{"rendered":"Tav\u015fanl\u0131\u2019da t\u00fct\u00fcnle m\u00fccadele seferberli\u011fi"},"content":{"rendered":"<p>K\u00fctahya\u2019n\u0131n Tav\u015fanl\u0131 \u0130l\u00e7e Sa\u011fl\u0131k M\u00fcd\u00fcrl\u00fc\u011f\u00fc, t\u00fct\u00fcn ba\u011f\u0131ml\u0131l\u0131\u011f\u0131yla m\u00fccadele kapsam\u0131nda Tav\u015fanl\u0131 Aile Destek Merkezi (ADEM) kursiyerlerine y\u00f6nelik geni\u015f kat\u0131l\u0131ml\u0131 bir e\u011fitim program\u0131 d\u00fczenledi. &#8220;T\u00fct\u00fcn Strateji ve Eylem Plan\u0131&#8221; \u00e7er\u00e7evesinde ger\u00e7ekle\u015ftirilen e\u011fitimde, sa\u011fl\u0131kl\u0131 ya\u015fam\u0131n \u00f6nemi ve ba\u011f\u0131ml\u0131l\u0131kla m\u00fccadelenin yollar\u0131 anlat\u0131ld\u0131.<br \/>\n<br \/>Tav\u015fanl\u0131\u2019da vatanda\u015flar\u0131n t\u00fct\u00fcn \u00fcr\u00fcnlerinin zararlar\u0131ndan korunmas\u0131 ve ba\u011f\u0131ml\u0131l\u0131ktan kurtulmalar\u0131na destek olunmas\u0131 amac\u0131yla y\u00fcr\u00fct\u00fclen \u00e7al\u0131\u015fmalar h\u0131z kesmeden devam ediyor. Bu kapsamda, Tav\u015fanl\u0131 ADEM kursiyerleri i\u00e7in \u00f6zel bir e\u011fitim planland\u0131. E\u011fitim program\u0131, il\u00e7edeki farkl\u0131 kurumlar\u0131n i\u015f birli\u011fiyle tam te\u015fekk\u00fcll\u00fc bir bilgilendirme platformuna d\u00f6n\u00fc\u015ft\u00fc<br \/>\n<br \/>E\u011fitimde, t\u00fct\u00fcn kullan\u0131m\u0131n\u0131n sadece birey sa\u011fl\u0131\u011f\u0131n\u0131 de\u011fil, pasif i\u00e7icilik yoluyla aile ve toplum sa\u011fl\u0131\u011f\u0131n\u0131 da tehdit etti\u011fine vurgu yap\u0131ld\u0131. Kursiyerlerin yo\u011fun ilgi g\u00f6sterdi\u011fi programda, sigaray\u0131 b\u0131rakmak isteyen vatanda\u015flar\u0131n ALO 171 Sigara B\u0131rakma Dan\u0131\u015fma Hatt\u0131 ve il\u00e7edeki sa\u011fl\u0131k kurulu\u015flar\u0131ndan nas\u0131l destek alabilecekleri detayland\u0131r\u0131ld\u0131.<br \/>\n<br \/>Tav\u015fanl\u0131 \u0130l\u00e7e Sa\u011fl\u0131k M\u00fcd\u00fcrl\u00fc\u011f\u00fc yetkilileri, t\u00fct\u00fcnle m\u00fccadelenin kararl\u0131l\u0131kla s\u00fcrece\u011fini ve bu t\u00fcr e\u011fitimlerin toplumun farkl\u0131 kesimlerine ula\u015facak \u015fekilde devam edece\u011fini belirtti.<br \/><\/p>\n","protected":false},"excerpt":{"rendered":"<p>K\u00fctahya\u2019n\u0131n Tav\u015fanl\u0131 \u0130l\u00e7e Sa\u011fl\u0131k M\u00fcd\u00fcrl\u00fc\u011f\u00fc, t\u00fct\u00fcn ba\u011f\u0131ml\u0131l\u0131\u011f\u0131yla m\u00fccadele kapsam\u0131nda Tav\u015fanl\u0131 Aile Destek Merkezi (ADEM) kursiyerlerine y\u00f6nelik geni\u015f kat\u0131l\u0131ml\u0131 bir e\u011fitim program\u0131 d\u00fczenledi. &#8220;T\u00fct\u00fcn Strateji ve Eylem Plan\u0131&#8221; \u00e7er\u00e7evesinde ger\u00e7ekle\u015ftirilen e\u011fitimde, sa\u011fl\u0131kl\u0131 ya\u015fam\u0131n \u00f6nemi ve ba\u011f\u0131ml\u0131l\u0131kla m\u00fccadelenin yollar\u0131 anlat\u0131ld\u0131. Tav\u015fanl\u0131\u2019da vatanda\u015flar\u0131n t\u00fct\u00fcn \u00fcr\u00fcnlerinin zararlar\u0131ndan korunmas\u0131 ve ba\u011f\u0131ml\u0131l\u0131ktan kurtulmalar\u0131na destek olunmas\u0131 amac\u0131yla y\u00fcr\u00fct\u00fclen \u00e7al\u0131\u015fmalar h\u0131z kesmeden devam&#8230;<\/p>\n","protected":false},"author":1,"featured_media":83868,"comment_status":"open","ping_status":"open","sticky":false,"template":"","format":"standard","meta":{"_crdt_document":"","footnotes":""},"categories":[2],"tags":[],"class_list":["post-83867","post","type-post","status-publish","format-standard","has-post-thumbnail","hentry","category-saglik"],"_links":{"self":[{"href":"https:\/\/www.egemtv.com\/index.php?rest_route=\/wp\/v2\/posts\/83867","targetHints":{"allow":["GET"]}}],"collection":[{"href":"https:\/\/www.egemtv.com\/index.php?rest_route=\/wp\/v2\/posts"}],"about":[{"href":"https:\/\/www.egemtv.com\/index.php?rest_route=\/wp\/v2\/types\/post"}],"author":[{"embeddable":true,"href":"https:\/\/www.egemtv.com\/index.php?rest_route=\/wp\/v2\/users\/1"}],"replies":[{"embeddable":true,"href":"https:\/\/www.egemtv.com\/index.php?rest_route=%2Fwp%2Fv2%2Fcomments&post=83867"}],"version-history":[{"count":1,"href":"https:\/\/www.egemtv.com\/index.php?rest_route=\/wp\/v2\/posts\/83867\/revisions"}],"predecessor-version":[{"id":83869,"href":"https:\/\/www.egemtv.com\/index.php?rest_route=\/wp\/v2\/posts\/83867\/revisions\/83869"}],"wp:featuredmedia":[{"embeddable":true,"href":"https:\/\/www.egemtv.com\/index.php?rest_route=\/wp\/v2\/media\/83868"}],"wp:attachment":[{"href":"https:\/\/www.egemtv.com\/index.php?rest_route=%2Fwp%2Fv2%2Fmedia&parent=83867"}],"wp:term":[{"taxonomy":"category","embeddable":true,"href":"https:\/\/www.egemtv.com\/index.php?rest_route=%2Fwp%2Fv2%2Fcategories&post=83867"},{"taxonomy":"post_tag","embeddable":true,"href":"https:\/\/www.egemtv.com\/index.php?rest_route=%2Fwp%2Fv2%2Ftags&post=83867"}],"curies":[{"name":"wp","href":"https:\/\/api.w.org\/{rel}","templated":true}]}}