{"id":83864,"date":"2026-01-29T12:55:00","date_gmt":"2026-01-29T09:55:00","guid":{"rendered":"https:\/\/www.egemtv.com\/?p=83864"},"modified":"2026-01-29T12:55:01","modified_gmt":"2026-01-29T09:55:01","slug":"otomobilin-carptigi-9-yasindaki-cocuk-hayatini-kaybetti","status":"publish","type":"post","link":"https:\/\/www.egemtv.com\/?p=83864","title":{"rendered":"Otomobilin \u00e7arpt\u0131\u011f\u0131 9 ya\u015f\u0131ndaki \u00e7ocuk hayat\u0131n\u0131 kaybetti"},"content":{"rendered":"<p>Mu\u011fla\u2019n\u0131n Dalaman il\u00e7esinde bisikletiyle seyir halindeyken otomobilin \u00e7arpt\u0131\u011f\u0131 ve a\u011f\u0131r yaral\u0131 olarak hastaneye kald\u0131r\u0131lan 9 ya\u015f\u0131ndaki \u00e7ocuk hayat\u0131n\u0131 kaybetti.<br \/>\n<br \/>Kaza, Kara\u00e7al\u0131 Mahallesi\u2019nde ge\u00e7ti\u011fimiz 25 Ocak tarihinde meydana geldi. Edinilen bilgiye g\u00f6re, bisikletiyle seyir halinde olan 9 ya\u015f\u0131ndaki Birkan \u00c7illimo\u011flu otomobilin \u00e7arpmas\u0131yla metrelerce savruldu. \u00c7ocuk, sa\u011fl\u0131k ekiplerinin ilk m\u00fcdahalesinin ard\u0131ndan hastaneye kald\u0131r\u0131ld\u0131. Durumu a\u011f\u0131r olan k\u00fc\u00e7\u00fck \u00e7ocuk, Dalaman Devlet Hastanesi\u2019nden Mu\u011fla E\u011fitim ve Ara\u015ft\u0131rma Hastanesi\u2019ne sevk edilerek yo\u011fun bak\u0131m \u00fcnitesinde tedavi alt\u0131na al\u0131nd\u0131. \u00c7illimo\u011flu burada yap\u0131lan t\u00fcm m\u00fcdahalelere ra\u011fmen hayat\u0131n\u0131 kaybetti. K\u00fc\u00e7\u00fck \u00e7ocu\u011fun cenazesinin, Merkez Camii\u2019nde ikindi namaz\u0131n\u0131n ard\u0131ndan \u015eerefler Mezarl\u0131\u011f\u0131\u2019nda defnedilece\u011fi \u00f6\u011frenildi.<\/p>\n<p>Kaza an\u0131 g\u00fcvenlik kameras\u0131na yans\u0131m\u0131\u015ft\u0131<br \/>\n<br \/>Kaza an\u0131 g\u00fcvenlik kameras\u0131na yans\u0131rken, g\u00f6r\u00fcnt\u00fclerde otomobilin bisikletiyle yolun kar\u015f\u0131s\u0131na ge\u00e7meye \u00e7al\u0131\u015fan \u00e7ocu\u011fa h\u0131zla \u00e7arpmas\u0131 ve \u00e7ocu\u011fun metrelerce havaya savrulmas\u0131 yer alm\u0131\u015ft\u0131.<br \/><\/p>\n","protected":false},"excerpt":{"rendered":"<p>Mu\u011fla\u2019n\u0131n Dalaman il\u00e7esinde bisikletiyle seyir halindeyken otomobilin \u00e7arpt\u0131\u011f\u0131 ve a\u011f\u0131r yaral\u0131 olarak hastaneye kald\u0131r\u0131lan 9 ya\u015f\u0131ndaki \u00e7ocuk hayat\u0131n\u0131 kaybetti. Kaza, Kara\u00e7al\u0131 Mahallesi\u2019nde ge\u00e7ti\u011fimiz 25 Ocak tarihinde meydana geldi. Edinilen bilgiye g\u00f6re, bisikletiyle seyir halinde olan 9 ya\u015f\u0131ndaki Birkan \u00c7illimo\u011flu otomobilin \u00e7arpmas\u0131yla metrelerce savruldu. \u00c7ocuk, sa\u011fl\u0131k ekiplerinin ilk m\u00fcdahalesinin ard\u0131ndan hastaneye kald\u0131r\u0131ld\u0131. Durumu a\u011f\u0131r olan k\u00fc\u00e7\u00fck&#8230;<\/p>\n","protected":false},"author":1,"featured_media":83865,"comment_status":"open","ping_status":"open","sticky":false,"template":"","format":"standard","meta":{"_crdt_document":"","footnotes":""},"categories":[5],"tags":[],"class_list":["post-83864","post","type-post","status-publish","format-standard","has-post-thumbnail","hentry","category-asayis"],"_links":{"self":[{"href":"https:\/\/www.egemtv.com\/index.php?rest_route=\/wp\/v2\/posts\/83864","targetHints":{"allow":["GET"]}}],"collection":[{"href":"https:\/\/www.egemtv.com\/index.php?rest_route=\/wp\/v2\/posts"}],"about":[{"href":"https:\/\/www.egemtv.com\/index.php?rest_route=\/wp\/v2\/types\/post"}],"author":[{"embeddable":true,"href":"https:\/\/www.egemtv.com\/index.php?rest_route=\/wp\/v2\/users\/1"}],"replies":[{"embeddable":true,"href":"https:\/\/www.egemtv.com\/index.php?rest_route=%2Fwp%2Fv2%2Fcomments&post=83864"}],"version-history":[{"count":1,"href":"https:\/\/www.egemtv.com\/index.php?rest_route=\/wp\/v2\/posts\/83864\/revisions"}],"predecessor-version":[{"id":83866,"href":"https:\/\/www.egemtv.com\/index.php?rest_route=\/wp\/v2\/posts\/83864\/revisions\/83866"}],"wp:featuredmedia":[{"embeddable":true,"href":"https:\/\/www.egemtv.com\/index.php?rest_route=\/wp\/v2\/media\/83865"}],"wp:attachment":[{"href":"https:\/\/www.egemtv.com\/index.php?rest_route=%2Fwp%2Fv2%2Fmedia&parent=83864"}],"wp:term":[{"taxonomy":"category","embeddable":true,"href":"https:\/\/www.egemtv.com\/index.php?rest_route=%2Fwp%2Fv2%2Fcategories&post=83864"},{"taxonomy":"post_tag","embeddable":true,"href":"https:\/\/www.egemtv.com\/index.php?rest_route=%2Fwp%2Fv2%2Ftags&post=83864"}],"curies":[{"name":"wp","href":"https:\/\/api.w.org\/{rel}","templated":true}]}}