{"id":83861,"date":"2026-01-29T12:54:59","date_gmt":"2026-01-29T09:54:59","guid":{"rendered":"https:\/\/www.egemtv.com\/?p=83861"},"modified":"2026-01-29T12:55:00","modified_gmt":"2026-01-29T09:55:00","slug":"turkiyenin-deprem-haritasi-guncelleniyor-600-aktif-fay-kapida","status":"publish","type":"post","link":"https:\/\/www.egemtv.com\/?p=83861","title":{"rendered":"T\u00fcrkiye\u2019nin deprem haritas\u0131 g\u00fcncelleniyor: 600 aktif fay kap\u0131da"},"content":{"rendered":"<p>\u0130zmir\u2019de AFAD koordinasyonunda, Avrupa Birli\u011fi ve D\u00fcnya Bankas\u0131 deste\u011fiyle y\u00fcr\u00fct\u00fclen &#8220;Diren\u00e7li \u0130zmir: Afet Risklerinin Azalt\u0131m\u0131 \u0130\u00e7in Stratejik ve Kapsay\u0131c\u0131 Bir Yakla\u015f\u0131m Projesi&#8221;nin a\u00e7\u0131l\u0131\u015f program\u0131 ger\u00e7ekle\u015ftirildi. Programda konu\u015fan AFAD Deprem ve Risk Azaltma Genel M\u00fcd\u00fcr\u00fc Prof. Dr. Orhan Tatar, binalarda t\u00fcnel kal\u0131p ve perde duvar kullan\u0131m\u0131n\u0131n zorunlu hale getirilece\u011fi m\u00fcjdesini verirken, \u0130zmir Valisi S\u00fcleyman Elban, kentsel d\u00f6n\u00fc\u015f\u00fcmde bina bazl\u0131 s\u00fcrece h\u0131z verilmesi gerekti\u011fini vurgulad\u0131.<br \/>\n<br \/>\u0130\u00e7i\u015fleri Bakanl\u0131\u011f\u0131 Afet ve Acil Durum Y\u00f6netimi Ba\u015fkanl\u0131\u011f\u0131 (AFAD) koordinasyonunda, Avrupa Birli\u011fi finansman\u0131 ve D\u00fcnya Bankas\u0131- GFDRR y\u00f6netimi alt\u0131ndaki TAFF Teknik Destek Program\u0131 kapsam\u0131nda hayata ge\u00e7irilen projenin a\u00e7\u0131l\u0131\u015f lansman\u0131 \u0130zmir\u2019de bir otelde d\u00fczenlendi. Programa \u0130zmir Valisi S\u00fcleyman Elban, AFAD \u0130zmir \u0130l M\u00fcd\u00fcr\u00fc Nazif Ekinci, D\u00fcnya Bankas\u0131 \u00dclke Y\u00f6netim Ofisi Yetkilisi Korhan Yazgan, AFAD Deprem ve Risk Azaltma Genel M\u00fcd\u00fcr\u00fc Prof. Dr. Orhan Tatar ile kamu kurumlar\u0131 ve STK\u2019lar\u0131n temsilcileri kat\u0131ld\u0131.<\/p>\n<p>Vali Elban: &#8220;Bina bazl\u0131 d\u00f6n\u00fc\u015f\u00fcme h\u0131z vermeliyiz&#8221;<br \/>\n<br \/>Program\u0131n a\u00e7\u0131l\u0131\u015f\u0131nda konu\u015fan \u0130zmir Valisi S\u00fcleyman Elban, kentteki d\u00f6n\u00fc\u015f\u00fcm s\u00fcrecinin ivedilikle ba\u015flat\u0131lmas\u0131 gerekti\u011fini s\u00f6yledi. Afet fark\u0131ndal\u0131\u011f\u0131n\u0131n eyleme d\u00f6n\u00fc\u015fmesi gerekti\u011fini ifade eden Elban, &#8220;Kentimizi biz d\u00f6n\u00fc\u015ft\u00fcrece\u011fiz. Bir an evvel eylem i\u00e7inde olmak zorunday\u0131z. Hem d\u00fc\u015f\u00fcncemizde hem de kentte d\u00f6n\u00fc\u015f\u00fcm\u00fc ba\u015flatmak zorunday\u0131z. Bina bazl\u0131 d\u00f6n\u00fc\u015f\u00fcme \u00e7ok h\u0131z vermek zorunday\u0131z. Bunun i\u00e7in g\u00f6n\u00fcll\u00fc olan vatanda\u015flar\u0131m\u0131z\u0131 ruhsat nedeniyle bekletmemek zorunday\u0131z. \u00c7\u00fcnk\u00fc bir bina kurtard\u0131\u011f\u0131m\u0131zda ka\u00e7 can kurtaraca\u011f\u0131m\u0131z\u0131n hesab\u0131n\u0131 yapamay\u0131z. Kamu binalar\u0131m\u0131z\u0131 da \u00e7ok h\u0131zl\u0131 kontrol etmek zorunday\u0131z. \u0130\u015fin kolay\u0131na ka\u00e7amay\u0131z&#8221; dedi. Kaynaklar\u0131n verimli kullan\u0131lmas\u0131na dikkat \u00e7eken Elban, t\u00fcm afetlere kar\u015f\u0131 h\u0131zl\u0131 hareket etme mecburiyeti oldu\u011funu s\u00f6zlerine ekledi.<\/p>\n<p>Prof. Dr. Orhan Tatar: &#8220;T\u00fcnel kal\u0131p ve perde duvar zorunlu oluyor&#8221;<br \/>\n<br \/>AFAD Deprem ve Risk Azaltma Genel M\u00fcd\u00fcr\u00fc Prof. Dr. Orhan Tatar, \u0130zmir\u2019in yap\u0131 stokunun acilen iyile\u015ftirilmesi gerekti\u011fini belirterek, T\u00fcrkiye genelindeki diri fay haritas\u0131n\u0131n g\u00fcncellenece\u011fini a\u00e7\u0131klad\u0131. Tatar, &#8220;Mart ay\u0131ndaki lansmanla diri fay haritas\u0131 g\u00fcncellenecek ve fay say\u0131s\u0131 600\u2019lere \u00e7\u0131kacak. T\u00fcrkiye Deprem Risk Haritas\u0131 s\u00fcrecine ge\u00e7i\u015f yapaca\u011f\u0131z&#8221; diye konu\u015ftu. G\u00fcvenli yap\u0131la\u015fma i\u00e7in yeni bir mevzuat haz\u0131rl\u0131\u011f\u0131nda olduklar\u0131n\u0131 duyuran Tatar, &#8220;\u00c7ok yak\u0131n zamanda bir tebli\u011f yay\u0131mlayaca\u011f\u0131z; t\u00fcnel kal\u0131p ve perde duvar kullan\u0131m\u0131n\u0131 binalarda zorunlu hale getiriyoruz. Bu sayede binalar y\u00fczde 99 hassasiyetle y\u0131k\u0131lmayacak&#8221; ifadelerini kulland\u0131. Tatar ayr\u0131ca, belediyeler ve \u00fcniversitelere AFAD akreditasyon s\u00fcre\u00e7lerine kat\u0131lma \u00e7a\u011fr\u0131s\u0131nda bulundu.<\/p>\n<p>Ekinci: &#8220;2026 y\u0131l\u0131 i\u00e7in 168 eylem planlad\u0131k&#8221;<br \/>\n<br \/>\u0130zmir AFAD \u0130l M\u00fcd\u00fcr\u00fc Nazif Ekinci ise kentsel diren\u00e7lili\u011fin fiziksel, toplumsal ve ekonomik bir b\u00fct\u00fcn oldu\u011funu vurgulad\u0131. Ekinci, &#8220;\u0130zmir \u0130l Risk Azaltma Plan\u0131 (\u0130RAP) kapsam\u0131nda 2025 y\u0131l\u0131nda belirlenen 88 eylemi y\u00fczde 100 ba\u015far\u0131yla tamamlad\u0131k. 2026 y\u0131l\u0131 i\u00e7in ise 1 ama\u00e7, 21 hedef ve 168 eylemden olu\u015fan yeni plan\u0131m\u0131z\u0131 y\u00fcr\u00fcrl\u00fc\u011fe koyduk. 30 il\u00e7emizin tamam\u0131nda afet y\u00f6netim merkezleri kurulmas\u0131, ge\u00e7ici bar\u0131nma ve lojistik alanlar\u0131n planlanmas\u0131 gibi somut ad\u0131mlar atmaktay\u0131z&#8221; dedi.<br \/>\n<br \/>Programda AFAD Proje Y\u00f6netim Ofisi temsilcisi Say\u0131n Derya Yal\u00e7\u0131n da bir sunum ger\u00e7ekle\u015ftirirken, toplu foto\u011fraf\u0131n ard\u0131ndan programda panele ge\u00e7ildi.<br \/><\/p>\n","protected":false},"excerpt":{"rendered":"<p>\u0130zmir\u2019de AFAD koordinasyonunda, Avrupa Birli\u011fi ve D\u00fcnya Bankas\u0131 deste\u011fiyle y\u00fcr\u00fct\u00fclen &#8220;Diren\u00e7li \u0130zmir: Afet Risklerinin Azalt\u0131m\u0131 \u0130\u00e7in Stratejik ve Kapsay\u0131c\u0131 Bir Yakla\u015f\u0131m Projesi&#8221;nin a\u00e7\u0131l\u0131\u015f program\u0131 ger\u00e7ekle\u015ftirildi. Programda konu\u015fan AFAD Deprem ve Risk Azaltma Genel M\u00fcd\u00fcr\u00fc Prof. Dr. Orhan Tatar, binalarda t\u00fcnel kal\u0131p ve perde duvar kullan\u0131m\u0131n\u0131n zorunlu hale getirilece\u011fi m\u00fcjdesini verirken, \u0130zmir Valisi S\u00fcleyman Elban, kentsel&#8230;<\/p>\n","protected":false},"author":1,"featured_media":83862,"comment_status":"open","ping_status":"open","sticky":false,"template":"","format":"standard","meta":{"_crdt_document":"","footnotes":""},"categories":[1],"tags":[],"class_list":["post-83861","post","type-post","status-publish","format-standard","has-post-thumbnail","hentry","category-guncel"],"_links":{"self":[{"href":"https:\/\/www.egemtv.com\/index.php?rest_route=\/wp\/v2\/posts\/83861","targetHints":{"allow":["GET"]}}],"collection":[{"href":"https:\/\/www.egemtv.com\/index.php?rest_route=\/wp\/v2\/posts"}],"about":[{"href":"https:\/\/www.egemtv.com\/index.php?rest_route=\/wp\/v2\/types\/post"}],"author":[{"embeddable":true,"href":"https:\/\/www.egemtv.com\/index.php?rest_route=\/wp\/v2\/users\/1"}],"replies":[{"embeddable":true,"href":"https:\/\/www.egemtv.com\/index.php?rest_route=%2Fwp%2Fv2%2Fcomments&post=83861"}],"version-history":[{"count":1,"href":"https:\/\/www.egemtv.com\/index.php?rest_route=\/wp\/v2\/posts\/83861\/revisions"}],"predecessor-version":[{"id":83863,"href":"https:\/\/www.egemtv.com\/index.php?rest_route=\/wp\/v2\/posts\/83861\/revisions\/83863"}],"wp:featuredmedia":[{"embeddable":true,"href":"https:\/\/www.egemtv.com\/index.php?rest_route=\/wp\/v2\/media\/83862"}],"wp:attachment":[{"href":"https:\/\/www.egemtv.com\/index.php?rest_route=%2Fwp%2Fv2%2Fmedia&parent=83861"}],"wp:term":[{"taxonomy":"category","embeddable":true,"href":"https:\/\/www.egemtv.com\/index.php?rest_route=%2Fwp%2Fv2%2Fcategories&post=83861"},{"taxonomy":"post_tag","embeddable":true,"href":"https:\/\/www.egemtv.com\/index.php?rest_route=%2Fwp%2Fv2%2Ftags&post=83861"}],"curies":[{"name":"wp","href":"https:\/\/api.w.org\/{rel}","templated":true}]}}