{"id":83855,"date":"2026-01-29T12:14:52","date_gmt":"2026-01-29T09:14:52","guid":{"rendered":"https:\/\/www.egemtv.com\/?p=83855"},"modified":"2026-01-29T12:14:53","modified_gmt":"2026-01-29T09:14:53","slug":"ayto-uyeleri-mobilya-fuarinda-sektoru-yakindan-takip-etti","status":"publish","type":"post","link":"https:\/\/www.egemtv.com\/?p=83855","title":{"rendered":"AYTO \u00fcyeleri mobilya fuar\u0131nda sekt\u00f6r\u00fc yak\u0131ndan takip etti"},"content":{"rendered":"<p>Ayd\u0131n Ticaret Odas\u0131 \u00fcyeleri, \u0130stanbul\u2019da d\u00fczenlenen mobilya fuar\u0131na kat\u0131larak mobilya sekt\u00f6r\u00fcndeki yenilikleri ve \u00fcretim teknolojilerini yerinde inceledi.<\/p>\n<p>\u0130stanbul Fuar Merkezi ile T\u00dcYAP Fuar ve Kongre Merkezi\u2019nde d\u00fczenlenen \u0130stanbul Mobilya Fuar\u0131, sekt\u00f6r temsilcilerinin yo\u011fun kat\u0131l\u0131m\u0131yla ger\u00e7ekle\u015ftirildi. Bu kapsamda Ayd\u0131n Ticaret Odas\u0131 da (AYTO) her y\u0131l oldu\u011fu gibi bu y\u0131l da \u00fcyelerini unutmad\u0131. Fuara kat\u0131lan AYTO \u00fcyeleri mobilya sekt\u00f6r\u00fcndeki son geli\u015fmeleri yak\u0131ndan takip etme f\u0131rsat\u0131 buldu. Fuar kapsam\u0131nda AYTO \u00fcyeleri, sekt\u00f6r\u00fcn yenilik\u00e7i \u00fcr\u00fcnlerini, g\u00fcncel teknolojilerini ve \u00fcretim s\u00fcre\u00e7lerine y\u00f6nelik uygulamalar\u0131 yerinde inceleyerek firmalarla birebir temas kurdu. Ulusal ve uluslararas\u0131 bir\u00e7ok markan\u0131n yer ald\u0131\u011f\u0131 organizasyon, yeni i\u015f birlikleri a\u00e7\u0131s\u0131ndan da \u00f6nemli f\u0131rsatlar sundu. TOBB Y\u00f6netim Kurulu \u00dcyesi ve Ayd\u0131n Ticaret Odas\u0131 Ba\u015fkan\u0131 Hakan \u00dclken, \u0130stanbul Mobilya Fuar\u0131\u2019n\u0131n sekt\u00f6r a\u00e7\u0131s\u0131ndan b\u00fcy\u00fck \u00f6nem ta\u015f\u0131d\u0131\u011f\u0131n\u0131 belirterek, bu t\u00fcr organizasyonlar\u0131n firmalara yeni pazarlara a\u00e7\u0131lma, \u00fcr\u00fcn \u00e7e\u015fitlili\u011fini art\u0131rma ve ticari ba\u011flant\u0131lar\u0131n\u0131 g\u00fc\u00e7lendirme imkan\u0131 sa\u011flad\u0131\u011f\u0131n\u0131 ifade etti. Ayr\u0131ca \u00dclken, AYTO olarak \u00fcyeleri fuarlarla bulu\u015fturmaya devam edeceklerini dile getirdi.<br \/><\/p>\n","protected":false},"excerpt":{"rendered":"<p>Ayd\u0131n Ticaret Odas\u0131 \u00fcyeleri, \u0130stanbul\u2019da d\u00fczenlenen mobilya fuar\u0131na kat\u0131larak mobilya sekt\u00f6r\u00fcndeki yenilikleri ve \u00fcretim teknolojilerini yerinde inceledi. \u0130stanbul Fuar Merkezi ile T\u00dcYAP Fuar ve Kongre Merkezi\u2019nde d\u00fczenlenen \u0130stanbul Mobilya Fuar\u0131, sekt\u00f6r temsilcilerinin yo\u011fun kat\u0131l\u0131m\u0131yla ger\u00e7ekle\u015ftirildi. Bu kapsamda Ayd\u0131n Ticaret Odas\u0131 da (AYTO) her y\u0131l oldu\u011fu gibi bu y\u0131l da \u00fcyelerini unutmad\u0131. Fuara kat\u0131lan AYTO \u00fcyeleri&#8230;<\/p>\n","protected":false},"author":1,"featured_media":83856,"comment_status":"open","ping_status":"open","sticky":false,"template":"","format":"standard","meta":{"_crdt_document":"","footnotes":""},"categories":[1],"tags":[],"class_list":["post-83855","post","type-post","status-publish","format-standard","has-post-thumbnail","hentry","category-guncel"],"_links":{"self":[{"href":"https:\/\/www.egemtv.com\/index.php?rest_route=\/wp\/v2\/posts\/83855","targetHints":{"allow":["GET"]}}],"collection":[{"href":"https:\/\/www.egemtv.com\/index.php?rest_route=\/wp\/v2\/posts"}],"about":[{"href":"https:\/\/www.egemtv.com\/index.php?rest_route=\/wp\/v2\/types\/post"}],"author":[{"embeddable":true,"href":"https:\/\/www.egemtv.com\/index.php?rest_route=\/wp\/v2\/users\/1"}],"replies":[{"embeddable":true,"href":"https:\/\/www.egemtv.com\/index.php?rest_route=%2Fwp%2Fv2%2Fcomments&post=83855"}],"version-history":[{"count":1,"href":"https:\/\/www.egemtv.com\/index.php?rest_route=\/wp\/v2\/posts\/83855\/revisions"}],"predecessor-version":[{"id":83857,"href":"https:\/\/www.egemtv.com\/index.php?rest_route=\/wp\/v2\/posts\/83855\/revisions\/83857"}],"wp:featuredmedia":[{"embeddable":true,"href":"https:\/\/www.egemtv.com\/index.php?rest_route=\/wp\/v2\/media\/83856"}],"wp:attachment":[{"href":"https:\/\/www.egemtv.com\/index.php?rest_route=%2Fwp%2Fv2%2Fmedia&parent=83855"}],"wp:term":[{"taxonomy":"category","embeddable":true,"href":"https:\/\/www.egemtv.com\/index.php?rest_route=%2Fwp%2Fv2%2Fcategories&post=83855"},{"taxonomy":"post_tag","embeddable":true,"href":"https:\/\/www.egemtv.com\/index.php?rest_route=%2Fwp%2Fv2%2Ftags&post=83855"}],"curies":[{"name":"wp","href":"https:\/\/api.w.org\/{rel}","templated":true}]}}