{"id":83852,"date":"2026-01-29T12:14:51","date_gmt":"2026-01-29T09:14:51","guid":{"rendered":"https:\/\/www.egemtv.com\/?p=83852"},"modified":"2026-01-29T12:14:52","modified_gmt":"2026-01-29T09:14:52","slug":"yunusemreli-kevserden-milli-takima-uzanan-bronz","status":"publish","type":"post","link":"https:\/\/www.egemtv.com\/?p=83852","title":{"rendered":"Yunusemreli Kevser\u2019den milli tak\u0131ma uzanan bronz"},"content":{"rendered":"<p>Yunusemre Belediyespor\u2019un gen\u00e7 judocusu Kevser Gizem B\u00fck\u00fclmez, Konya\u2019da d\u00fczenlenen Spor Toto \u00dcmitler T\u00fcrkiye Judo \u015eampiyonas\u0131\u2019nda bronz madalya kazanarak milli tak\u0131ma davet edildi.<br \/>\n<br \/>Konya\u2019da d\u00fczenlenen Spor Toto \u00dcmitler T\u00fcrkiye Judo \u015eampiyonas\u0131\u2019nda Yunusemre Belediyespor ad\u0131na 57 kiloda m\u00fccadele eden gen\u00e7 judocu Kevser Gizem B\u00fck\u00fclmez, zorlu rakiplerini geride b\u0131rakarak T\u00fcrkiye \u00fc\u00e7\u00fcnc\u00fcs\u00fc olmay\u0131 ba\u015fard\u0131. Elde etti\u011fi dereceyle milli tak\u0131m kamp\u0131na davet edilen Kevser Gizem B\u00fck\u00fclmez, ay-y\u0131ld\u0131zl\u0131 formay\u0131 giymeye hak kazand\u0131.<br \/>\n<br \/>Yunusemre Belediyespor Kul\u00fcp Ba\u015fkan\u0131 B\u00fclent Kanik, sporcuyu ve eme\u011fi ge\u00e7enleri tebrik ederek, &#8220;Kul\u00fcp olarak sporcular\u0131m\u0131z\u0131n geli\u015fimini \u00f6n planda tutuyoruz. Onlar\u0131n hayallerine giden yolda bir ad\u0131m olabiliyorsak ne mutlu bize. Kevser\u2019i, antren\u00f6rlerimizi ve ailesini g\u00f6n\u00fclden kutluyorum. Ay-y\u0131ld\u0131zl\u0131 forma alt\u0131nda da ayn\u0131 inan\u00e7la m\u00fccadele edece\u011fine y\u00fcrekten inan\u0131yorum&#8221; dedi.<br \/><\/p>\n","protected":false},"excerpt":{"rendered":"<p>Yunusemre Belediyespor\u2019un gen\u00e7 judocusu Kevser Gizem B\u00fck\u00fclmez, Konya\u2019da d\u00fczenlenen Spor Toto \u00dcmitler T\u00fcrkiye Judo \u015eampiyonas\u0131\u2019nda bronz madalya kazanarak milli tak\u0131ma davet edildi. Konya\u2019da d\u00fczenlenen Spor Toto \u00dcmitler T\u00fcrkiye Judo \u015eampiyonas\u0131\u2019nda Yunusemre Belediyespor ad\u0131na 57 kiloda m\u00fccadele eden gen\u00e7 judocu Kevser Gizem B\u00fck\u00fclmez, zorlu rakiplerini geride b\u0131rakarak T\u00fcrkiye \u00fc\u00e7\u00fcnc\u00fcs\u00fc olmay\u0131 ba\u015fard\u0131. Elde etti\u011fi dereceyle milli tak\u0131m&#8230;<\/p>\n","protected":false},"author":1,"featured_media":83853,"comment_status":"open","ping_status":"open","sticky":false,"template":"","format":"standard","meta":{"_crdt_document":"","footnotes":""},"categories":[4],"tags":[],"class_list":["post-83852","post","type-post","status-publish","format-standard","has-post-thumbnail","hentry","category-spor"],"_links":{"self":[{"href":"https:\/\/www.egemtv.com\/index.php?rest_route=\/wp\/v2\/posts\/83852","targetHints":{"allow":["GET"]}}],"collection":[{"href":"https:\/\/www.egemtv.com\/index.php?rest_route=\/wp\/v2\/posts"}],"about":[{"href":"https:\/\/www.egemtv.com\/index.php?rest_route=\/wp\/v2\/types\/post"}],"author":[{"embeddable":true,"href":"https:\/\/www.egemtv.com\/index.php?rest_route=\/wp\/v2\/users\/1"}],"replies":[{"embeddable":true,"href":"https:\/\/www.egemtv.com\/index.php?rest_route=%2Fwp%2Fv2%2Fcomments&post=83852"}],"version-history":[{"count":1,"href":"https:\/\/www.egemtv.com\/index.php?rest_route=\/wp\/v2\/posts\/83852\/revisions"}],"predecessor-version":[{"id":83854,"href":"https:\/\/www.egemtv.com\/index.php?rest_route=\/wp\/v2\/posts\/83852\/revisions\/83854"}],"wp:featuredmedia":[{"embeddable":true,"href":"https:\/\/www.egemtv.com\/index.php?rest_route=\/wp\/v2\/media\/83853"}],"wp:attachment":[{"href":"https:\/\/www.egemtv.com\/index.php?rest_route=%2Fwp%2Fv2%2Fmedia&parent=83852"}],"wp:term":[{"taxonomy":"category","embeddable":true,"href":"https:\/\/www.egemtv.com\/index.php?rest_route=%2Fwp%2Fv2%2Fcategories&post=83852"},{"taxonomy":"post_tag","embeddable":true,"href":"https:\/\/www.egemtv.com\/index.php?rest_route=%2Fwp%2Fv2%2Ftags&post=83852"}],"curies":[{"name":"wp","href":"https:\/\/api.w.org\/{rel}","templated":true}]}}