{"id":83849,"date":"2026-01-29T11:55:00","date_gmt":"2026-01-29T08:55:00","guid":{"rendered":"https:\/\/www.egemtv.com\/?p=83849"},"modified":"2026-01-29T11:55:01","modified_gmt":"2026-01-29T08:55:01","slug":"sunnetci-amacimiz-egitimin-nitelikli-artisini-saglamak","status":"publish","type":"post","link":"https:\/\/www.egemtv.com\/?p=83849","title":{"rendered":"S\u00fcnnetci: &#8220;Amac\u0131m\u0131z, e\u011fitimin nitelikli art\u0131\u015f\u0131n\u0131 sa\u011flamak&#8221;"},"content":{"rendered":"<p>Afyonkarahisar \u0130l Milli E\u011fitim M\u00fcd\u00fcr\u00fc Mira\u00e7 S\u00fcnnetci, ama\u00e7lar\u0131n\u0131n kentte e\u011fitimin nitelikli art\u0131\u015f\u0131n\u0131 sa\u011flamak oldu\u011funu ifade etti.<br \/>\n<br \/>Afyonkarahisar\u2019da \u2018\u0130mam Hatip Okullar\u0131 De\u011ferlendirme ve Geli\u015ftirme Toplant\u0131s\u0131\u2019 ger\u00e7ekle\u015ftirildi. Toplant\u0131 Milli E\u011fitim Bakanl\u0131\u011f\u0131 Din \u00d6\u011fretimi Genel M\u00fcd\u00fcr\u00fc Dr. Ahmet \u0130\u015fleyen\u2019in ba\u015fkanl\u0131\u011f\u0131nda yap\u0131ld\u0131. Afyonkarahisar Anadolu \u0130mam Hatip Lisesi\u2019nde ger\u00e7ekle\u015ftirilen toplant\u0131da konu\u015fan S\u00fcnnetci, &#8220;\u0130limizdeki e\u011fitim kalitemizdeki nitelikli art\u0131\u015fla gelece\u011fimizi, yar\u0131nlar\u0131m\u0131z\u0131 birlikte in\u015fa edece\u011fiz. Evlatlar\u0131m\u0131z\u0131n akademik ba\u015far\u0131lar\u0131 kadar milli ve manevi de\u011ferlerle de donat\u0131lm\u0131\u015f olmalar\u0131 T\u00fcrkiye Y\u00fczy\u0131l\u0131 vizyonumuzda \u00f6ncelikli hedefimizdir. Gen\u00e7lerimizin g\u00fc\u00e7l\u00fc de\u011ferlerle gelece\u011fe haz\u0131rlanmalar\u0131 da bizleri birle\u015ftiren ortak sorumlulu\u011fumuzdur. Bunu ba\u015farmak i\u00e7in e\u011fitime g\u00f6n\u00fcl vermi\u015f ve katk\u0131 sunmu\u015f t\u00fcm payda\u015flar\u0131m\u0131za te\u015fekk\u00fcr ediyorum&#8221; dedi.<br \/>\n<br \/>S\u00fcnnetci\u2019nin konu\u015fmalar\u0131n\u0131n ard\u0131ndan \u0130\u015fleyen\u2019in de\u011ferlendirmeleriyle devam eden toplant\u0131, kar\u015f\u0131l\u0131kl\u0131 g\u00f6r\u00fc\u015f al\u0131\u015fveri\u015fi ve sahadaki uygulamalara ili\u015fkin de\u011ferlendirmeler, iyi dilek ve temennilerle sona erdi.<br \/><\/p>\n","protected":false},"excerpt":{"rendered":"<p>Afyonkarahisar \u0130l Milli E\u011fitim M\u00fcd\u00fcr\u00fc Mira\u00e7 S\u00fcnnetci, ama\u00e7lar\u0131n\u0131n kentte e\u011fitimin nitelikli art\u0131\u015f\u0131n\u0131 sa\u011flamak oldu\u011funu ifade etti. Afyonkarahisar\u2019da \u2018\u0130mam Hatip Okullar\u0131 De\u011ferlendirme ve Geli\u015ftirme Toplant\u0131s\u0131\u2019 ger\u00e7ekle\u015ftirildi. Toplant\u0131 Milli E\u011fitim Bakanl\u0131\u011f\u0131 Din \u00d6\u011fretimi Genel M\u00fcd\u00fcr\u00fc Dr. Ahmet \u0130\u015fleyen\u2019in ba\u015fkanl\u0131\u011f\u0131nda yap\u0131ld\u0131. Afyonkarahisar Anadolu \u0130mam Hatip Lisesi\u2019nde ger\u00e7ekle\u015ftirilen toplant\u0131da konu\u015fan S\u00fcnnetci, &#8220;\u0130limizdeki e\u011fitim kalitemizdeki nitelikli art\u0131\u015fla gelece\u011fimizi, yar\u0131nlar\u0131m\u0131z\u0131 birlikte&#8230;<\/p>\n","protected":false},"author":1,"featured_media":83850,"comment_status":"open","ping_status":"open","sticky":false,"template":"","format":"standard","meta":{"_crdt_document":"","footnotes":""},"categories":[1],"tags":[],"class_list":["post-83849","post","type-post","status-publish","format-standard","has-post-thumbnail","hentry","category-guncel"],"_links":{"self":[{"href":"https:\/\/www.egemtv.com\/index.php?rest_route=\/wp\/v2\/posts\/83849","targetHints":{"allow":["GET"]}}],"collection":[{"href":"https:\/\/www.egemtv.com\/index.php?rest_route=\/wp\/v2\/posts"}],"about":[{"href":"https:\/\/www.egemtv.com\/index.php?rest_route=\/wp\/v2\/types\/post"}],"author":[{"embeddable":true,"href":"https:\/\/www.egemtv.com\/index.php?rest_route=\/wp\/v2\/users\/1"}],"replies":[{"embeddable":true,"href":"https:\/\/www.egemtv.com\/index.php?rest_route=%2Fwp%2Fv2%2Fcomments&post=83849"}],"version-history":[{"count":1,"href":"https:\/\/www.egemtv.com\/index.php?rest_route=\/wp\/v2\/posts\/83849\/revisions"}],"predecessor-version":[{"id":83851,"href":"https:\/\/www.egemtv.com\/index.php?rest_route=\/wp\/v2\/posts\/83849\/revisions\/83851"}],"wp:featuredmedia":[{"embeddable":true,"href":"https:\/\/www.egemtv.com\/index.php?rest_route=\/wp\/v2\/media\/83850"}],"wp:attachment":[{"href":"https:\/\/www.egemtv.com\/index.php?rest_route=%2Fwp%2Fv2%2Fmedia&parent=83849"}],"wp:term":[{"taxonomy":"category","embeddable":true,"href":"https:\/\/www.egemtv.com\/index.php?rest_route=%2Fwp%2Fv2%2Fcategories&post=83849"},{"taxonomy":"post_tag","embeddable":true,"href":"https:\/\/www.egemtv.com\/index.php?rest_route=%2Fwp%2Fv2%2Ftags&post=83849"}],"curies":[{"name":"wp","href":"https:\/\/api.w.org\/{rel}","templated":true}]}}