{"id":83840,"date":"2026-01-29T11:34:43","date_gmt":"2026-01-29T08:34:43","guid":{"rendered":"https:\/\/www.egemtv.com\/?p=83840"},"modified":"2026-01-29T11:34:44","modified_gmt":"2026-01-29T08:34:44","slug":"baskan-tatik-almanyadaki-tavasli-gurbetcilerle-bulusuyor","status":"publish","type":"post","link":"https:\/\/www.egemtv.com\/?p=83840","title":{"rendered":"Ba\u015fkan Tat\u0131k, Almanya\u2019daki Tavasl\u0131 gurbet\u00e7ilerle bulu\u015fuyor"},"content":{"rendered":"<p>Tavas Belediye Ba\u015fkan\u0131 Kadir Tat\u0131k, Almanya\u2019daki ziyaretleri kapsam\u0131nda gurbet\u00e7i hem\u015fehrileriyle bir araya gelmeye devam ediyor. Ba\u015fkan Tat\u0131k, 29 Ocak Per\u015fembe ak\u015fam\u0131 D\u0130T\u0130B Tuttlingen Yeni Camii\u2019nde tan\u0131\u015fma ve kayna\u015fma program\u0131 d\u00fczenleyecek.<\/p>\n<p>Tavas Belediye Ba\u015fkan\u0131 Kadir Tat\u0131k, Almanya\u2019daki temaslar\u0131n\u0131 s\u00fcrd\u00fcr\u00fcyor. Almanya\u2019da ya\u015fayan Tavasl\u0131 gurbet\u00e7ileri ziyaret eden Ba\u015fkan Tat\u0131k, t\u00fcm hem\u015fehrilerle bir araya gelmek amac\u0131yla 29 Ocak Per\u015fembe ak\u015fam\u0131 saat 19.15\u2019te D\u0130T\u0130B Tuttlingen Yeni Camide tan\u0131\u015fma ve kayna\u015fma etkinli\u011fi d\u00fczenledi. Program\u0131 sosyal medya hesab\u0131 \u00fczerinden duyuran Ba\u015fkan Kadir Tat\u0131k, Almanya\u2019daki ziyaretler kapsam\u0131nda gurbet\u00e7i hem\u015fehrilerle bir araya gelmekten b\u00fcy\u00fck memnuniyet duyduklar\u0131n\u0131 belirtti. Tat\u0131k, a\u00e7\u0131klamas\u0131nda tan\u0131\u015fma, kayna\u015fma ve muhabbet ortam\u0131nda ger\u00e7ekle\u015ftirilecek bulu\u015fmaya t\u00fcm vatanda\u015flar\u0131 davet etti.<\/p>\n<p>Ayn\u0131 ak\u015fam hem\u015fehrileriyle birlikte yats\u0131 namaz\u0131n\u0131 da D\u0130T\u0130B Tuttlingen Yeni Camide eda edeceklerini ifade eden Ba\u015fkan Tat\u0131k, bu anlaml\u0131 bulu\u015fmayla g\u00f6n\u00fcl ba\u011flar\u0131n\u0131n daha da g\u00fc\u00e7lenece\u011fini vurgulad\u0131.<br \/><\/p>\n","protected":false},"excerpt":{"rendered":"<p>Tavas Belediye Ba\u015fkan\u0131 Kadir Tat\u0131k, Almanya\u2019daki ziyaretleri kapsam\u0131nda gurbet\u00e7i hem\u015fehrileriyle bir araya gelmeye devam ediyor. Ba\u015fkan Tat\u0131k, 29 Ocak Per\u015fembe ak\u015fam\u0131 D\u0130T\u0130B Tuttlingen Yeni Camii\u2019nde tan\u0131\u015fma ve kayna\u015fma program\u0131 d\u00fczenleyecek. Tavas Belediye Ba\u015fkan\u0131 Kadir Tat\u0131k, Almanya\u2019daki temaslar\u0131n\u0131 s\u00fcrd\u00fcr\u00fcyor. Almanya\u2019da ya\u015fayan Tavasl\u0131 gurbet\u00e7ileri ziyaret eden Ba\u015fkan Tat\u0131k, t\u00fcm hem\u015fehrilerle bir araya gelmek amac\u0131yla 29 Ocak Per\u015fembe&#8230;<\/p>\n","protected":false},"author":1,"featured_media":83841,"comment_status":"open","ping_status":"open","sticky":false,"template":"","format":"standard","meta":{"_crdt_document":"","footnotes":""},"categories":[1],"tags":[],"class_list":["post-83840","post","type-post","status-publish","format-standard","has-post-thumbnail","hentry","category-guncel"],"_links":{"self":[{"href":"https:\/\/www.egemtv.com\/index.php?rest_route=\/wp\/v2\/posts\/83840","targetHints":{"allow":["GET"]}}],"collection":[{"href":"https:\/\/www.egemtv.com\/index.php?rest_route=\/wp\/v2\/posts"}],"about":[{"href":"https:\/\/www.egemtv.com\/index.php?rest_route=\/wp\/v2\/types\/post"}],"author":[{"embeddable":true,"href":"https:\/\/www.egemtv.com\/index.php?rest_route=\/wp\/v2\/users\/1"}],"replies":[{"embeddable":true,"href":"https:\/\/www.egemtv.com\/index.php?rest_route=%2Fwp%2Fv2%2Fcomments&post=83840"}],"version-history":[{"count":1,"href":"https:\/\/www.egemtv.com\/index.php?rest_route=\/wp\/v2\/posts\/83840\/revisions"}],"predecessor-version":[{"id":83842,"href":"https:\/\/www.egemtv.com\/index.php?rest_route=\/wp\/v2\/posts\/83840\/revisions\/83842"}],"wp:featuredmedia":[{"embeddable":true,"href":"https:\/\/www.egemtv.com\/index.php?rest_route=\/wp\/v2\/media\/83841"}],"wp:attachment":[{"href":"https:\/\/www.egemtv.com\/index.php?rest_route=%2Fwp%2Fv2%2Fmedia&parent=83840"}],"wp:term":[{"taxonomy":"category","embeddable":true,"href":"https:\/\/www.egemtv.com\/index.php?rest_route=%2Fwp%2Fv2%2Fcategories&post=83840"},{"taxonomy":"post_tag","embeddable":true,"href":"https:\/\/www.egemtv.com\/index.php?rest_route=%2Fwp%2Fv2%2Ftags&post=83840"}],"curies":[{"name":"wp","href":"https:\/\/api.w.org\/{rel}","templated":true}]}}