{"id":83837,"date":"2026-01-29T11:34:42","date_gmt":"2026-01-29T08:34:42","guid":{"rendered":"https:\/\/www.egemtv.com\/?p=83837"},"modified":"2026-01-29T11:34:43","modified_gmt":"2026-01-29T08:34:43","slug":"kamyonetle-otomobil-carpisti-3-kisi-yaralandi","status":"publish","type":"post","link":"https:\/\/www.egemtv.com\/?p=83837","title":{"rendered":"Kamyonetle otomobil \u00e7arp\u0131\u015ft\u0131, 3 ki\u015fi yaraland\u0131"},"content":{"rendered":"<p>Afyonkarahisar\u2019da kamyonet ile Tofa\u015f marka otomobilin \u00e7arp\u0131\u015fmas\u0131 sonucu ya\u015fanan trafik kazas\u0131nda 3 ki\u015fi yaraland\u0131.<br \/>\n<br \/>Kaza, kent merkezine ba\u011fl\u0131 S\u00fcl\u00fcn beldesinde meydana geldi. Edinilen bilgilere g\u00f6re, E.C., idaresindeki 03 AP 391 plakal\u0131 Tofa\u015f marka otomobil M.Y., y\u00f6netimindeki 03 BR 953 kamyonet ile \u00e7arp\u0131\u015ft\u0131. Kazada otomobil s\u00fcr\u00fcc\u00fcs\u00fc ile yan\u0131nda bulunan 2 ki\u015fi yaraland\u0131. Yaral\u0131lar kaza sonras\u0131 \u00e7evredekilerin haber vermesi \u00fczerine olay yerine gelen ambulanslarla hastaneye kald\u0131r\u0131ld\u0131.<br \/>\n<br \/>Kazan\u0131n ard\u0131ndan jandarma taraf\u0131ndan inceleme ba\u015flat\u0131ld\u0131.<br \/><\/p>\n","protected":false},"excerpt":{"rendered":"<p>Afyonkarahisar\u2019da kamyonet ile Tofa\u015f marka otomobilin \u00e7arp\u0131\u015fmas\u0131 sonucu ya\u015fanan trafik kazas\u0131nda 3 ki\u015fi yaraland\u0131. Kaza, kent merkezine ba\u011fl\u0131 S\u00fcl\u00fcn beldesinde meydana geldi. Edinilen bilgilere g\u00f6re, E.C., idaresindeki 03 AP 391 plakal\u0131 Tofa\u015f marka otomobil M.Y., y\u00f6netimindeki 03 BR 953 kamyonet ile \u00e7arp\u0131\u015ft\u0131. Kazada otomobil s\u00fcr\u00fcc\u00fcs\u00fc ile yan\u0131nda bulunan 2 ki\u015fi yaraland\u0131. Yaral\u0131lar kaza sonras\u0131 \u00e7evredekilerin&#8230;<\/p>\n","protected":false},"author":1,"featured_media":83838,"comment_status":"open","ping_status":"open","sticky":false,"template":"","format":"standard","meta":{"_crdt_document":"","footnotes":""},"categories":[5],"tags":[],"class_list":["post-83837","post","type-post","status-publish","format-standard","has-post-thumbnail","hentry","category-asayis"],"_links":{"self":[{"href":"https:\/\/www.egemtv.com\/index.php?rest_route=\/wp\/v2\/posts\/83837","targetHints":{"allow":["GET"]}}],"collection":[{"href":"https:\/\/www.egemtv.com\/index.php?rest_route=\/wp\/v2\/posts"}],"about":[{"href":"https:\/\/www.egemtv.com\/index.php?rest_route=\/wp\/v2\/types\/post"}],"author":[{"embeddable":true,"href":"https:\/\/www.egemtv.com\/index.php?rest_route=\/wp\/v2\/users\/1"}],"replies":[{"embeddable":true,"href":"https:\/\/www.egemtv.com\/index.php?rest_route=%2Fwp%2Fv2%2Fcomments&post=83837"}],"version-history":[{"count":1,"href":"https:\/\/www.egemtv.com\/index.php?rest_route=\/wp\/v2\/posts\/83837\/revisions"}],"predecessor-version":[{"id":83839,"href":"https:\/\/www.egemtv.com\/index.php?rest_route=\/wp\/v2\/posts\/83837\/revisions\/83839"}],"wp:featuredmedia":[{"embeddable":true,"href":"https:\/\/www.egemtv.com\/index.php?rest_route=\/wp\/v2\/media\/83838"}],"wp:attachment":[{"href":"https:\/\/www.egemtv.com\/index.php?rest_route=%2Fwp%2Fv2%2Fmedia&parent=83837"}],"wp:term":[{"taxonomy":"category","embeddable":true,"href":"https:\/\/www.egemtv.com\/index.php?rest_route=%2Fwp%2Fv2%2Fcategories&post=83837"},{"taxonomy":"post_tag","embeddable":true,"href":"https:\/\/www.egemtv.com\/index.php?rest_route=%2Fwp%2Fv2%2Ftags&post=83837"}],"curies":[{"name":"wp","href":"https:\/\/api.w.org\/{rel}","templated":true}]}}