{"id":83834,"date":"2026-01-29T11:34:41","date_gmt":"2026-01-29T08:34:41","guid":{"rendered":"https:\/\/www.egemtv.com\/?p=83834"},"modified":"2026-01-29T11:34:42","modified_gmt":"2026-01-29T08:34:42","slug":"menemende-bebek-bakim-kabinleri-torenle-hizmete-acildi","status":"publish","type":"post","link":"https:\/\/www.egemtv.com\/?p=83834","title":{"rendered":"Menemen\u2019de bebek bak\u0131m kabinleri t\u00f6renle hizmete a\u00e7\u0131ld\u0131"},"content":{"rendered":"<p>Menemen Belediyesi, il\u00e7enin \u00fc\u00e7 farkl\u0131 noktas\u0131nda Ana Kuca\u011f\u0131 Ya\u015fam Destek Noktas\u0131, bebek bak\u0131m kabinleri olu\u015fturdu. Menemen \u0130ZBAN, Kent-2 ve Menemen Adliyesi \u00f6n\u00fcne yerle\u015ftirilen kabinlerin a\u00e7\u0131l\u0131\u015f\u0131nda Menemen Belediye Ba\u015fkan\u0131 Ayd\u0131n Pehlivan, &#8220;Anne ve bebek; sadece bir ailenin de\u011fil, bir toplumun yar\u0131n\u0131d\u0131r. Menemen\u2019de hi\u00e7bir anne, soka\u011fa \u00e7\u0131kt\u0131\u011f\u0131nda bebe\u011fiyle ilgili kayg\u0131 ya\u015famayacak.&#8221; dedi.<br \/>\n<br \/>Do\u011fumla birlikte hediye edilen &#8220;\u0130yi ki do\u011fdun bebek&#8221; paketlerinden ba\u015flamak \u00fczere anne ve \u00e7ocuk odakl\u0131 bir\u00e7ok projeyi hayata ge\u00e7iren Menemen Belediyesi, yeni bir hizmete daha imza att\u0131. Belediye, ilk a\u015famada il\u00e7enin \u00fc\u00e7 farkl\u0131 noktas\u0131na Ana Kuca\u011f\u0131 Ya\u015fam Destek Noktas\u0131 ad\u0131 alt\u0131nda bebek bak\u0131m kabinleri yerle\u015ftirdi. Adliye \u00f6n\u00fc, Menemen \u0130ZBAN \u0130stasyonu \u00f6n\u00fc ve Kent-2\u2019ye kurulan bebek bak\u0131m kabinlerinin a\u00e7\u0131l\u0131\u015f\u0131 Kent-2\u2019de ger\u00e7ekle\u015ftirildi.<br \/>\n<br \/>Menemen Belediye Ba\u015fkan\u0131 Ayd\u0131n Pehlivan\u2019\u0131n ev sahipli\u011finde ger\u00e7ekle\u015ftirilen a\u00e7\u0131l\u0131\u015fa AK Parti \u0130zmir Milletvekili Ya\u015far K\u0131rkp\u0131nar, siyasi parti temsilcileri, kamu kurulu\u015flar\u0131, dalar ve STK\u2019lar\u0131n ba\u015fkan ve temsilcileri, muhtarlar, gaziler, bas\u0131n mensuplar\u0131 ve vatanda\u015flar kat\u0131ld\u0131.<\/p>\n<p>&#8220;Bir kent annelerine g\u00f6sterdi\u011fi \u00f6zen kadar medenidir&#8221;<br \/>\n<br \/>A\u00e7\u0131l\u0131\u015fta konu\u015fan Menemen Belediye Ba\u015fkan\u0131 Ayd\u0131n Pehlivan, anlam\u0131 ve katk\u0131s\u0131 b\u00fcy\u00fck olan bu hizmeti kentine kazand\u0131rmaktan b\u00fcy\u00fck mutluluk duydu\u011funu ifade etti. Pehlivan, &#8220;Bir kent annelerine g\u00f6sterdi\u011fi \u00f6zen kadar medenidir. Bir kent bebeklerine sundu\u011fu g\u00fcvenli ortam kadar g\u00fc\u00e7l\u00fcd\u00fcr. Belediyecilik; hayat\u0131 kolayla\u015ft\u0131rmakt\u0131r. \u0130nsan\u0131 anlamakt\u0131r. Anne yorgunlu\u011funu fark etmektir. Bir bebe\u011fin ihtiyac\u0131n\u0131 g\u00f6rmektir. Yeni do\u011fum yapm\u0131\u015f bir annenin d\u0131\u015far\u0131 \u00e7\u0131karken ya\u015fad\u0131\u011f\u0131 o teredd\u00fcd\u00fc d\u00fc\u015f\u00fcnd\u00fck. \u2019Bebe\u011fim ac\u0131k\u0131rsa ne yapar\u0131m?\u2019 kayg\u0131s\u0131n\u0131 d\u00fc\u015f\u00fcnd\u00fck. Mahremiyet ihtiyac\u0131n\u0131 d\u00fc\u015f\u00fcnd\u00fck. Ve dedik ki: Menemen\u2019de hi\u00e7bir anne bu kayg\u0131y\u0131 ya\u015famamal\u0131. Bug\u00fcn bu Ana Kuca\u011f\u0131 Ya\u015fam Destek Noktas\u0131n\u0131 Menemen\u2019imize kazand\u0131rm\u0131\u015f olman\u0131n hakl\u0131 gururunu ya\u015f\u0131yorum. Anne ve bebek; sadece bir ailenin de\u011fil, bir toplumun yar\u0131n\u0131d\u0131r. Bir milletin gelece\u011fidir. Bir \u015fehrin umudu, sevinci ve en saf enerjisidir. Anneler g\u00fc\u00e7l\u00fc olursa toplum g\u00fc\u00e7l\u00fc olur. Anneler huzurlu olursa bebekler sa\u011fl\u0131kl\u0131 b\u00fcy\u00fcr. Bebekler sa\u011fl\u0131kl\u0131 b\u00fcy\u00fcrse gelece\u011fimiz sa\u011flam olur.&#8221; dedi.<\/p>\n<p>&#8220;Menemen\u2019deki eserleri g\u00f6rd\u00fc\u011f\u00fcm\u00fczde gurur duyuyoruz&#8221;<br \/>\n<br \/>A\u00e7\u0131l\u0131\u015fta konu\u015fan AK Parti \u0130zmir Milletvekili Ya\u015far K\u0131rkp\u0131nar ise Menemen Belediyesi\u2019nin hizmet \u00fcretme ba\u015far\u0131s\u0131n\u0131n \u00f6rnek olmas\u0131 gerekti\u011fini s\u00f6yledi. K\u0131rkp\u0131nar, &#8220;Belediye Ba\u015fkan\u0131m\u0131z, belediyecili\u011fin nas\u0131l yap\u0131lmas\u0131 gerekti\u011finin en g\u00fczel \u00f6rneklerini hem \u0130zmir\u2019e hem Ege B\u00f6lgesi\u2019ne g\u00f6steriyor. Menemen\u2019in \u00e7ehresi \u00e7ok k\u0131sa s\u00fcre i\u00e7inde de\u011fi\u015fti. \u00c7ok m\u00fcthi\u015f projeler hayata ge\u00e7irildi ve \u00e7ok g\u00fczel eserler \u00fcretildi. Biz de belediye ba\u015fkan\u0131m\u0131za bu \u00e7al\u0131\u015fmalar\u0131ndan dolay\u0131 \u015f\u00fckranlar\u0131m\u0131z\u0131 sunuyoruz. Menemen\u2019e geldi\u011fimizde bu eserleri g\u00f6rd\u00fc\u011f\u00fcm\u00fczde gurur duyuyoruz. Bu hizmetlerin yap\u0131lmas\u0131 Menemen\u2019e sevda i\u015fidir. Kad\u0131nlar ve bebekler i\u00e7in yap\u0131lan bu hizmet de \u00e7ok \u00f6nemlidir. Menemen gibi ba\u015far\u0131l\u0131 yerlere gelince \u2018belediyecilik b\u00f6yle yap\u0131l\u0131r\u2019 diyoruz. Gelsinler, \u00f6rnek als\u0131nlar.&#8221; dedi.<br \/><\/p>\n","protected":false},"excerpt":{"rendered":"<p>Menemen Belediyesi, il\u00e7enin \u00fc\u00e7 farkl\u0131 noktas\u0131nda Ana Kuca\u011f\u0131 Ya\u015fam Destek Noktas\u0131, bebek bak\u0131m kabinleri olu\u015fturdu. Menemen \u0130ZBAN, Kent-2 ve Menemen Adliyesi \u00f6n\u00fcne yerle\u015ftirilen kabinlerin a\u00e7\u0131l\u0131\u015f\u0131nda Menemen Belediye Ba\u015fkan\u0131 Ayd\u0131n Pehlivan, &#8220;Anne ve bebek; sadece bir ailenin de\u011fil, bir toplumun yar\u0131n\u0131d\u0131r. Menemen\u2019de hi\u00e7bir anne, soka\u011fa \u00e7\u0131kt\u0131\u011f\u0131nda bebe\u011fiyle ilgili kayg\u0131 ya\u015famayacak.&#8221; dedi. Do\u011fumla birlikte hediye edilen &#8220;\u0130yi&#8230;<\/p>\n","protected":false},"author":1,"featured_media":83835,"comment_status":"open","ping_status":"open","sticky":false,"template":"","format":"standard","meta":{"_crdt_document":"","footnotes":""},"categories":[1],"tags":[],"class_list":["post-83834","post","type-post","status-publish","format-standard","has-post-thumbnail","hentry","category-guncel"],"_links":{"self":[{"href":"https:\/\/www.egemtv.com\/index.php?rest_route=\/wp\/v2\/posts\/83834","targetHints":{"allow":["GET"]}}],"collection":[{"href":"https:\/\/www.egemtv.com\/index.php?rest_route=\/wp\/v2\/posts"}],"about":[{"href":"https:\/\/www.egemtv.com\/index.php?rest_route=\/wp\/v2\/types\/post"}],"author":[{"embeddable":true,"href":"https:\/\/www.egemtv.com\/index.php?rest_route=\/wp\/v2\/users\/1"}],"replies":[{"embeddable":true,"href":"https:\/\/www.egemtv.com\/index.php?rest_route=%2Fwp%2Fv2%2Fcomments&post=83834"}],"version-history":[{"count":1,"href":"https:\/\/www.egemtv.com\/index.php?rest_route=\/wp\/v2\/posts\/83834\/revisions"}],"predecessor-version":[{"id":83836,"href":"https:\/\/www.egemtv.com\/index.php?rest_route=\/wp\/v2\/posts\/83834\/revisions\/83836"}],"wp:featuredmedia":[{"embeddable":true,"href":"https:\/\/www.egemtv.com\/index.php?rest_route=\/wp\/v2\/media\/83835"}],"wp:attachment":[{"href":"https:\/\/www.egemtv.com\/index.php?rest_route=%2Fwp%2Fv2%2Fmedia&parent=83834"}],"wp:term":[{"taxonomy":"category","embeddable":true,"href":"https:\/\/www.egemtv.com\/index.php?rest_route=%2Fwp%2Fv2%2Fcategories&post=83834"},{"taxonomy":"post_tag","embeddable":true,"href":"https:\/\/www.egemtv.com\/index.php?rest_route=%2Fwp%2Fv2%2Ftags&post=83834"}],"curies":[{"name":"wp","href":"https:\/\/api.w.org\/{rel}","templated":true}]}}