{"id":83831,"date":"2026-01-29T11:34:40","date_gmt":"2026-01-29T08:34:40","guid":{"rendered":"https:\/\/www.egemtv.com\/?p=83831"},"modified":"2026-01-29T11:34:40","modified_gmt":"2026-01-29T08:34:40","slug":"aydinda-havali-silahlar-il-sampiyonasi-duzenlendi","status":"publish","type":"post","link":"https:\/\/www.egemtv.com\/?p=83831","title":{"rendered":"Ayd\u0131n\u2019da Haval\u0131 Silahlar \u0130l \u015eampiyonas\u0131 d\u00fczenlendi"},"content":{"rendered":"<p>Gazi Mustafa Kemal Atat\u00fcrk\u2019\u00fcn Ayd\u0131n\u2019a geli\u015finin 95. y\u0131l\u0131 m\u00fcnasebetiyle, \u0130l M\u00fcd\u00fcrl\u00fc\u011f\u00fc koordinesinde d\u00fczenlenen Haval\u0131 Silahlar \u0130l \u015eampiyonas\u0131 tamamland\u0131.<br \/>\n<br \/>Ayd\u0131n Gen\u00e7lik spor \u0130l M\u00fcd\u00fcrl\u00fc\u011f\u00fc taraf\u0131ndan d\u00fczenlenen organizasyona Gen\u00e7ler ve Y\u0131ld\u0131zlar kategorilerinde toplam 35 sporcu kat\u0131l\u0131m sa\u011flad\u0131. \u015eampiyonada sporcular t\u00fcfek ve tabanca bran\u015flar\u0131nda derece elde etmek i\u00e7in m\u00fccadele etti. M\u00fcsabakalar sonunda olu\u015fan derece listeleri \u015fu \u015fekilde oldu:<br \/>\n<br \/>Gen\u00e7 K\u0131zlar T\u00fcfek; 1.Ela Aydo\u011fdu 2.Melisa Nejla Maruf, 3.Nil Berrak Bilgen, Y\u0131ld\u0131z K\u0131zlar T\u00fcfek; 1.Sevim Sude Nikbay, 2.Neva K\u00fc\u00e7\u00fcktepe, 3.Canan Menderes, Gen\u00e7 Erkek T\u00fcfek; 1.Cemre Berk \u015eenel 2.Mehmet Ensar Al, Y\u0131ld\u0131z Erkek T\u00fcfek 1.Yusuf Samurka\u015f, 2.Bayram Ali Menderes, 3.Yavuz Samurka\u015f Gen\u00e7 K\u0131zlar Tabanca; 1.Zeynep Y\u0131ld\u0131r\u0131m, 2.Nisa Karab\u0131y\u0131k, 3.Ekin R\u00fczgar Y\u0131ld\u0131r\u0131m, Y\u0131ld\u0131z Erkek Tabanca 1.Erenay \u00c7akmak.<br \/>\n<br \/>Dereceye giren sporculara \u00f6d\u00fclleri t\u00f6renle takdim edildi.<br \/><\/p>\n","protected":false},"excerpt":{"rendered":"<p>Gazi Mustafa Kemal Atat\u00fcrk\u2019\u00fcn Ayd\u0131n\u2019a geli\u015finin 95. y\u0131l\u0131 m\u00fcnasebetiyle, \u0130l M\u00fcd\u00fcrl\u00fc\u011f\u00fc koordinesinde d\u00fczenlenen Haval\u0131 Silahlar \u0130l \u015eampiyonas\u0131 tamamland\u0131. Ayd\u0131n Gen\u00e7lik spor \u0130l M\u00fcd\u00fcrl\u00fc\u011f\u00fc taraf\u0131ndan d\u00fczenlenen organizasyona Gen\u00e7ler ve Y\u0131ld\u0131zlar kategorilerinde toplam 35 sporcu kat\u0131l\u0131m sa\u011flad\u0131. \u015eampiyonada sporcular t\u00fcfek ve tabanca bran\u015flar\u0131nda derece elde etmek i\u00e7in m\u00fccadele etti. M\u00fcsabakalar sonunda olu\u015fan derece listeleri \u015fu \u015fekilde oldu:&#8230;<\/p>\n","protected":false},"author":1,"featured_media":83832,"comment_status":"open","ping_status":"open","sticky":false,"template":"","format":"standard","meta":{"_crdt_document":"","footnotes":""},"categories":[4],"tags":[],"class_list":["post-83831","post","type-post","status-publish","format-standard","has-post-thumbnail","hentry","category-spor"],"_links":{"self":[{"href":"https:\/\/www.egemtv.com\/index.php?rest_route=\/wp\/v2\/posts\/83831","targetHints":{"allow":["GET"]}}],"collection":[{"href":"https:\/\/www.egemtv.com\/index.php?rest_route=\/wp\/v2\/posts"}],"about":[{"href":"https:\/\/www.egemtv.com\/index.php?rest_route=\/wp\/v2\/types\/post"}],"author":[{"embeddable":true,"href":"https:\/\/www.egemtv.com\/index.php?rest_route=\/wp\/v2\/users\/1"}],"replies":[{"embeddable":true,"href":"https:\/\/www.egemtv.com\/index.php?rest_route=%2Fwp%2Fv2%2Fcomments&post=83831"}],"version-history":[{"count":1,"href":"https:\/\/www.egemtv.com\/index.php?rest_route=\/wp\/v2\/posts\/83831\/revisions"}],"predecessor-version":[{"id":83833,"href":"https:\/\/www.egemtv.com\/index.php?rest_route=\/wp\/v2\/posts\/83831\/revisions\/83833"}],"wp:featuredmedia":[{"embeddable":true,"href":"https:\/\/www.egemtv.com\/index.php?rest_route=\/wp\/v2\/media\/83832"}],"wp:attachment":[{"href":"https:\/\/www.egemtv.com\/index.php?rest_route=%2Fwp%2Fv2%2Fmedia&parent=83831"}],"wp:term":[{"taxonomy":"category","embeddable":true,"href":"https:\/\/www.egemtv.com\/index.php?rest_route=%2Fwp%2Fv2%2Fcategories&post=83831"},{"taxonomy":"post_tag","embeddable":true,"href":"https:\/\/www.egemtv.com\/index.php?rest_route=%2Fwp%2Fv2%2Ftags&post=83831"}],"curies":[{"name":"wp","href":"https:\/\/api.w.org\/{rel}","templated":true}]}}