{"id":83828,"date":"2026-01-29T11:14:51","date_gmt":"2026-01-29T08:14:51","guid":{"rendered":"https:\/\/www.egemtv.com\/?p=83828"},"modified":"2026-01-29T11:14:52","modified_gmt":"2026-01-29T08:14:52","slug":"kar-kalinligi-25-santimetreye-ulasan-camelinde-saha-calismalar-devam-ediyor","status":"publish","type":"post","link":"https:\/\/www.egemtv.com\/?p=83828","title":{"rendered":"Kar kal\u0131nl\u0131\u011f\u0131 25 santimetreye ula\u015fan \u00c7ameli\u2019nde saha \u00e7al\u0131\u015fmalar devam ediyor"},"content":{"rendered":"<p>Denizli\u2019nin \u00c7ameli il\u00e7esi \u00c7i\u011fdemli Mahallesi\u2019nde ya\u015fanan yo\u011fun kar ya\u011f\u0131\u015f\u0131 sebebiyle kar kal\u0131nl\u0131\u011f\u0131 25 santimetreye ula\u015ft\u0131. Mahallede ya\u015fayan vatanda\u015flar\u0131n herhangi bir olumsuzluk ya\u015famamal\u0131 i\u00e7in \u00c7ameli Belediyesi ekipleri sahada yo\u011fun \u00e7al\u0131\u015fma y\u00fcr\u00fct\u00fcyor.<\/p>\n<p>Denizli\u2019nin \u00c7ameli il\u00e7esinde kar ya\u011f\u0131\u015f\u0131 etkili oluyor. K\u0131\u015f mevsiminin zorlu ge\u00e7ti\u011fi il\u00e7elerden biri olan \u00c7ameli\u2019nde baz\u0131 yerle\u015fim birimlerinde yo\u011fun kar ya\u011f\u0131\u015f\u0131 g\u00f6r\u00fcld\u00fc. \u00c7ameli merkezde bulunan Yunus P\u0131nar\u0131 Mahallesi, etkili olan kar ya\u011f\u0131\u015f\u0131yla birlikte beyaza b\u00fcr\u00fcnd\u00fc. Kar ya\u011f\u0131\u015f\u0131n\u0131n en yo\u011fun hissedildi\u011fi adreslerden biri ise \u00c7i\u011fdemli Mahallesi oldu. Mahallede ya\u011fan yo\u011fun kardan dolay\u0131 kar kal\u0131nl\u0131\u011f\u0131n\u0131n 25 santimetreye ula\u015ft\u0131\u011f\u0131 bildirildi.<br \/>\n<br \/>\u00d6te yandan \u00c7ameli Belediyesi ekipleri, kar ya\u011f\u0131\u015f\u0131n\u0131n etkili oldu\u011fu b\u00f6lgelerde hummal\u0131 bir \u00e7al\u0131\u015fma y\u00fcr\u00fct\u00fcyor. Fen \u0130\u015fleri M\u00fcd\u00fcrl\u00fc\u011f\u00fc ekipleri, yollar\u0131n a\u00e7\u0131k kalmas\u0131 ve buzlanman\u0131n \u00f6nlenmesi amac\u0131yla kar k\u00fcreme ve tuzlama \u00e7al\u0131\u015fmalar\u0131n\u0131 yo\u011fun \u015fekilde s\u00fcrd\u00fcr\u00fcyor.<\/p>\n<p>Bereketli bir kar ya\u011f\u0131\u015f\u0131 ya\u015fad\u0131klar\u0131n\u0131 belirten \u00c7ameli Belediye Ba\u015fkan\u0131 Cengiz Arslan, &#8220;Fen \u0130\u015fleri M\u00fcd\u00fcrl\u00fc\u011f\u00fc ekiplerimiz, il\u00e7emizde etkili olan kar ya\u011f\u0131\u015f\u0131n\u0131n ard\u0131ndan mahallelerimizde kar k\u00fcreme ve tuzlama \u00e7al\u0131\u015fmalar\u0131na an\u0131nda m\u00fcdahale etmektedir. Yap\u0131lan \u00e7al\u0131\u015fmalarla vatanda\u015flar\u0131m\u0131z\u0131n ula\u015f\u0131m\u0131n\u0131 daha g\u00fcvenli ve sorunsuz hale getirmek amac\u0131yla ekiplerimiz sahada aral\u0131ks\u0131z g\u00f6rev yapmaktad\u0131r&#8221; \u015feklinde konu\u015ftu.<br \/><\/p>\n","protected":false},"excerpt":{"rendered":"<p>Denizli\u2019nin \u00c7ameli il\u00e7esi \u00c7i\u011fdemli Mahallesi\u2019nde ya\u015fanan yo\u011fun kar ya\u011f\u0131\u015f\u0131 sebebiyle kar kal\u0131nl\u0131\u011f\u0131 25 santimetreye ula\u015ft\u0131. Mahallede ya\u015fayan vatanda\u015flar\u0131n herhangi bir olumsuzluk ya\u015famamal\u0131 i\u00e7in \u00c7ameli Belediyesi ekipleri sahada yo\u011fun \u00e7al\u0131\u015fma y\u00fcr\u00fct\u00fcyor. Denizli\u2019nin \u00c7ameli il\u00e7esinde kar ya\u011f\u0131\u015f\u0131 etkili oluyor. K\u0131\u015f mevsiminin zorlu ge\u00e7ti\u011fi il\u00e7elerden biri olan \u00c7ameli\u2019nde baz\u0131 yerle\u015fim birimlerinde yo\u011fun kar ya\u011f\u0131\u015f\u0131 g\u00f6r\u00fcld\u00fc. \u00c7ameli merkezde bulunan&#8230;<\/p>\n","protected":false},"author":1,"featured_media":83829,"comment_status":"open","ping_status":"open","sticky":false,"template":"","format":"standard","meta":{"_crdt_document":"","footnotes":""},"categories":[1],"tags":[],"class_list":["post-83828","post","type-post","status-publish","format-standard","has-post-thumbnail","hentry","category-guncel"],"_links":{"self":[{"href":"https:\/\/www.egemtv.com\/index.php?rest_route=\/wp\/v2\/posts\/83828","targetHints":{"allow":["GET"]}}],"collection":[{"href":"https:\/\/www.egemtv.com\/index.php?rest_route=\/wp\/v2\/posts"}],"about":[{"href":"https:\/\/www.egemtv.com\/index.php?rest_route=\/wp\/v2\/types\/post"}],"author":[{"embeddable":true,"href":"https:\/\/www.egemtv.com\/index.php?rest_route=\/wp\/v2\/users\/1"}],"replies":[{"embeddable":true,"href":"https:\/\/www.egemtv.com\/index.php?rest_route=%2Fwp%2Fv2%2Fcomments&post=83828"}],"version-history":[{"count":1,"href":"https:\/\/www.egemtv.com\/index.php?rest_route=\/wp\/v2\/posts\/83828\/revisions"}],"predecessor-version":[{"id":83830,"href":"https:\/\/www.egemtv.com\/index.php?rest_route=\/wp\/v2\/posts\/83828\/revisions\/83830"}],"wp:featuredmedia":[{"embeddable":true,"href":"https:\/\/www.egemtv.com\/index.php?rest_route=\/wp\/v2\/media\/83829"}],"wp:attachment":[{"href":"https:\/\/www.egemtv.com\/index.php?rest_route=%2Fwp%2Fv2%2Fmedia&parent=83828"}],"wp:term":[{"taxonomy":"category","embeddable":true,"href":"https:\/\/www.egemtv.com\/index.php?rest_route=%2Fwp%2Fv2%2Fcategories&post=83828"},{"taxonomy":"post_tag","embeddable":true,"href":"https:\/\/www.egemtv.com\/index.php?rest_route=%2Fwp%2Fv2%2Ftags&post=83828"}],"curies":[{"name":"wp","href":"https:\/\/api.w.org\/{rel}","templated":true}]}}