{"id":83825,"date":"2026-01-29T11:14:50","date_gmt":"2026-01-29T08:14:50","guid":{"rendered":"https:\/\/www.egemtv.com\/?p=83825"},"modified":"2026-01-29T11:14:51","modified_gmt":"2026-01-29T08:14:51","slug":"dereli-kaplicalari-kukurtlu-suyuyla-sifa-dagitmaya-devam-ediyor","status":"publish","type":"post","link":"https:\/\/www.egemtv.com\/?p=83825","title":{"rendered":"Dereli Kapl\u0131calar\u0131, k\u00fck\u00fcrtl\u00fc suyuyla \u015fifa da\u011f\u0131tmaya devam ediyor"},"content":{"rendered":"<p>K\u00fctahya\u2019n\u0131n Emet il\u00e7esine ba\u011fl\u0131 S\u00fclye k\u00f6y\u00fcnde bulunan Dereli Kapl\u0131calar\u0131, \u00e7evre illerden gelen misafirlerini a\u011f\u0131rlamaya devam ediyor. Eski\u015fehir\u2019den \u015fifa bulmak i\u00e7in gelen Ne\u015fet Ol\u00e7ay, her y\u0131l defalarca ziyaret etti\u011fi kapl\u0131can\u0131n k\u00fck\u00fcrtl\u00fc suyunun benzersiz oldu\u011funu vurgulad\u0131.<br \/>\n<br \/>K\u00fctahya\u2019n\u0131n termal turizm merkezlerinden biri olan Dereli Kapl\u0131calar\u0131, do\u011fal g\u00fczellikleri ve \u015fifal\u0131 sular\u0131yla vatanda\u015flar\u0131n vazge\u00e7ilmez adresi haline geldi. E\u015fiyle birlikte Eski\u015fehir\u2019den gelen Ne\u015fet Ol\u00e7ay, kapl\u0131can\u0131n sa\u011flad\u0131\u011f\u0131 faydalar\u0131 anlatarak tesisin sundu\u011fu imkanlardan duydu\u011fu memnuniyeti dile getirdi. Her y\u0131l d\u00fczenli olarak kapl\u0131calar\u0131 ziyaret etti\u011fini belirten Ol\u00e7ay, &#8220;Eski\u015fehir\u2019den geliyorum. Hemen hemen her sene yaz aylar\u0131nda iki \u00fc\u00e7 defa buray\u0131 tercih ediyorum. Dereli Kapl\u0131calar\u0131\u2019n\u0131 \u015fifal\u0131 buldu\u011fum i\u00e7in s\u0131k s\u0131k geliyorum ve ger\u00e7ekten \u015fifas\u0131n\u0131 g\u00f6r\u00fcyoruz. Bu su i\u00e7in tam 180 kilometre yol kat ediyorum. Normalde yat\u0131l\u0131 olarak kal\u0131yordum ancak bu kez g\u00fcn\u00fcbirlik geldim ve d\u00f6nece\u011fim.&#8221; dedi.<br \/>\n<br \/>Dereli\u2019nin su yap\u0131s\u0131n\u0131n di\u011fer termal merkezlerden ayr\u0131ld\u0131\u011f\u0131n\u0131 ifade eden Ol\u00e7ay, suyun \u00f6zelliklerine dikkat \u00e7ekerek \u015funlar\u0131 s\u00f6yledi:<br \/>\n<br \/>&#8220;Buran\u0131n suyu k\u00fck\u00fcrtl\u00fc ve \u00e7ok g\u00fczel. S\u0131cak ve sert sular\u0131 var. Giri\u015f yerlerine g\u00f6re farkl\u0131 aile havuzlar\u0131 bulunuyor, bu da b\u00fcy\u00fck bir kolayl\u0131k sa\u011fl\u0131yor. \u015eifas\u0131n\u0131 bizzat g\u00f6rd\u00fc\u011f\u00fcm\u00fcz i\u00e7in tavsiye etmeme bile gerek kalm\u0131yor, zaten s\u00fcrekli kendim geliyorum. Ba\u015fka yerlere de gidiyorum ama buran\u0131n suyunun etkisi bir ba\u015fka.&#8221;<br \/>\n<br \/>Do\u011fal ortam\u0131 ve termal kaynaklar\u0131yla dikkat \u00e7eken Dereli Kapl\u0131calar\u0131, \u00f6zellikle romatizmal hastal\u0131klar ve cilt rahats\u0131zl\u0131klar\u0131na iyi geldi\u011fi bilinen k\u00fck\u00fcrtl\u00fc suyuyla b\u00f6lgenin \u00f6nemli turizm noktalar\u0131ndan biri olmay\u0131 s\u00fcrd\u00fcr\u00fcyor.<br \/><\/p>\n","protected":false},"excerpt":{"rendered":"<p>K\u00fctahya\u2019n\u0131n Emet il\u00e7esine ba\u011fl\u0131 S\u00fclye k\u00f6y\u00fcnde bulunan Dereli Kapl\u0131calar\u0131, \u00e7evre illerden gelen misafirlerini a\u011f\u0131rlamaya devam ediyor. Eski\u015fehir\u2019den \u015fifa bulmak i\u00e7in gelen Ne\u015fet Ol\u00e7ay, her y\u0131l defalarca ziyaret etti\u011fi kapl\u0131can\u0131n k\u00fck\u00fcrtl\u00fc suyunun benzersiz oldu\u011funu vurgulad\u0131. K\u00fctahya\u2019n\u0131n termal turizm merkezlerinden biri olan Dereli Kapl\u0131calar\u0131, do\u011fal g\u00fczellikleri ve \u015fifal\u0131 sular\u0131yla vatanda\u015flar\u0131n vazge\u00e7ilmez adresi haline geldi. E\u015fiyle birlikte Eski\u015fehir\u2019den&#8230;<\/p>\n","protected":false},"author":1,"featured_media":83826,"comment_status":"open","ping_status":"open","sticky":false,"template":"","format":"standard","meta":{"_crdt_document":"","footnotes":""},"categories":[2],"tags":[],"class_list":["post-83825","post","type-post","status-publish","format-standard","has-post-thumbnail","hentry","category-saglik"],"_links":{"self":[{"href":"https:\/\/www.egemtv.com\/index.php?rest_route=\/wp\/v2\/posts\/83825","targetHints":{"allow":["GET"]}}],"collection":[{"href":"https:\/\/www.egemtv.com\/index.php?rest_route=\/wp\/v2\/posts"}],"about":[{"href":"https:\/\/www.egemtv.com\/index.php?rest_route=\/wp\/v2\/types\/post"}],"author":[{"embeddable":true,"href":"https:\/\/www.egemtv.com\/index.php?rest_route=\/wp\/v2\/users\/1"}],"replies":[{"embeddable":true,"href":"https:\/\/www.egemtv.com\/index.php?rest_route=%2Fwp%2Fv2%2Fcomments&post=83825"}],"version-history":[{"count":1,"href":"https:\/\/www.egemtv.com\/index.php?rest_route=\/wp\/v2\/posts\/83825\/revisions"}],"predecessor-version":[{"id":83827,"href":"https:\/\/www.egemtv.com\/index.php?rest_route=\/wp\/v2\/posts\/83825\/revisions\/83827"}],"wp:featuredmedia":[{"embeddable":true,"href":"https:\/\/www.egemtv.com\/index.php?rest_route=\/wp\/v2\/media\/83826"}],"wp:attachment":[{"href":"https:\/\/www.egemtv.com\/index.php?rest_route=%2Fwp%2Fv2%2Fmedia&parent=83825"}],"wp:term":[{"taxonomy":"category","embeddable":true,"href":"https:\/\/www.egemtv.com\/index.php?rest_route=%2Fwp%2Fv2%2Fcategories&post=83825"},{"taxonomy":"post_tag","embeddable":true,"href":"https:\/\/www.egemtv.com\/index.php?rest_route=%2Fwp%2Fv2%2Ftags&post=83825"}],"curies":[{"name":"wp","href":"https:\/\/api.w.org\/{rel}","templated":true}]}}