{"id":83822,"date":"2026-01-29T10:35:04","date_gmt":"2026-01-29T07:35:04","guid":{"rendered":"https:\/\/www.egemtv.com\/?p=83822"},"modified":"2026-01-29T10:35:05","modified_gmt":"2026-01-29T07:35:05","slug":"aydin-sosyal-bilimler-lisesi-bolge-finaline-yukseldi","status":"publish","type":"post","link":"https:\/\/www.egemtv.com\/?p=83822","title":{"rendered":"Ayd\u0131n Sosyal Bilimler Lisesi, b\u00f6lge finaline y\u00fckseldi"},"content":{"rendered":"<p>Lise \u00d6\u011frencileri Ara\u015ft\u0131rma Projeleri Yar\u0131\u015fmas\u0131\u2019nda \u00f6n de\u011ferlendirmeyi ge\u00e7en ve b\u00f6lge yar\u0131\u015fmalar\u0131na kat\u0131lmaya hak kazanan projeler belirlenirken, Ayd\u0131n Sosyal Bilimler Lisesi\u2019nin 3 ara\u015ft\u0131rma projesi b\u00f6lge finaline y\u00fckseldi.<\/p>\n<p>Lise \u00d6\u011frencileri Ara\u015ft\u0131rma Projeleri Yar\u0131\u015fmas\u0131\u2019nda b\u00f6lge finaline se\u00e7ilen projeler belli oldu. Ege B\u00f6lgesi\u2019nde yer alan okullar\u0131n kat\u0131ld\u0131\u011f\u0131 yar\u0131\u015fmada Ayd\u0131n\u2019dan 21 proje b\u00f6lge finaline kal\u0131rken, en fazla projesi finale kalan okullardan olan Ayd\u0131n Sosyal Bilimler Lisesi\u2019nin de sosyoloji ve co\u011frafya alanlar\u0131ndaki 2 projesi de b\u00f6lge finallerine y\u00fckseldi.<\/p>\n<p>\u00d6\u011fretmen Filiz Tanr\u0131sevdi dan\u0131\u015fmanl\u0131\u011f\u0131nda \u0130dil Aka\u00e7\u0131n, Cemre Y\u0131lmaz ve Zehra Sar\u0131ba\u015f taraf\u0131ndan haz\u0131rlanan &#8220;G\u00f6ky\u00fcz\u00fcn\u00fc Okumak: Halk Meteorolojisi ve Halk Takviminin Yerel Bilgi Ba\u011flam\u0131nda \u0130ncelenmesi&#8221; konulu proje co\u011frafya alan\u0131nda yar\u0131\u015facak. \u00d6\u011fretmen Zarife Ertu\u011frul dan\u0131\u015fmanl\u0131\u011f\u0131nda Mine Y\u0131lmaz, Ya\u011fmur Akku\u015f ve Tuana Tunal\u0131 taraf\u0131ndan haz\u0131rlanan &#8220;Kentsel Ya\u015famda Co\u011frafi Adalet, Efeler \u0130l\u00e7esinde Mek\u00e2nsal Farkl\u0131l\u0131klar\u0131n Analizi&#8221; konulu proje co\u011frafya alan\u0131nda yar\u0131\u015facak. \u00d6\u011fretmen Filiz Tanr\u0131sevdi dan\u0131\u015fmanl\u0131\u011f\u0131nda Esila \u00c7etin, Dila Duru ve Oktay \u00c7ak\u0131r taraf\u0131ndan haz\u0131rlanan &#8220;Gen\u00e7lerin Beyin G\u00f6\u00e7\u00fc E\u011filimini Ne Belirler? Aidiyet ve Aile Beklentileri \u00dczerine Bir \u0130nceleme&#8221; konulu proje ise sosyoloji alan\u0131nda yar\u0131\u015facak.<\/p>\n<p>Konu ile ilgili Ayd\u0131n Sosyal Bilimler Lisesi\u2019nden yap\u0131lan a\u00e7\u0131klamada &#8220;\u00d6\u011frencilerimizin dan\u0131\u015fman \u00f6\u011fretmenleri ile birlikte haz\u0131rlad\u0131\u011f\u0131 2 Co\u011frafya, 1 Sosyoloji olmak \u00fczere 3 projemiz, 2204-A Lise Ara\u015ft\u0131rma Projeleri Yar\u0131\u015fmas\u0131\u2019nda b\u00f6lge finaline se\u00e7ildi. Dan\u0131\u015fman \u00f6\u011fretmenlerimiz Filiz Tanr\u0131sevdi, Zarife Ertu\u011frul ve \u00f6\u011frencilerimizi tebrik ediyor b\u00f6lge finallerinde ba\u015far\u0131lar diliyoruz&#8221; ifadeleri yer ald\u0131.<\/p>\n<p>B\u00f6lge Finali ise 9-12 \u015eubat 2026 tarihleri aras\u0131nda \u0130zmir Dokuz Eyl\u00fcl \u00dcniversitesi\u2019nde yap\u0131lacak.<br \/><\/p>\n","protected":false},"excerpt":{"rendered":"<p>Lise \u00d6\u011frencileri Ara\u015ft\u0131rma Projeleri Yar\u0131\u015fmas\u0131\u2019nda \u00f6n de\u011ferlendirmeyi ge\u00e7en ve b\u00f6lge yar\u0131\u015fmalar\u0131na kat\u0131lmaya hak kazanan projeler belirlenirken, Ayd\u0131n Sosyal Bilimler Lisesi\u2019nin 3 ara\u015ft\u0131rma projesi b\u00f6lge finaline y\u00fckseldi. Lise \u00d6\u011frencileri Ara\u015ft\u0131rma Projeleri Yar\u0131\u015fmas\u0131\u2019nda b\u00f6lge finaline se\u00e7ilen projeler belli oldu. Ege B\u00f6lgesi\u2019nde yer alan okullar\u0131n kat\u0131ld\u0131\u011f\u0131 yar\u0131\u015fmada Ayd\u0131n\u2019dan 21 proje b\u00f6lge finaline kal\u0131rken, en fazla projesi finale kalan&#8230;<\/p>\n","protected":false},"author":1,"featured_media":83823,"comment_status":"open","ping_status":"open","sticky":false,"template":"","format":"standard","meta":{"_crdt_document":"","footnotes":""},"categories":[1],"tags":[],"class_list":["post-83822","post","type-post","status-publish","format-standard","has-post-thumbnail","hentry","category-guncel"],"_links":{"self":[{"href":"https:\/\/www.egemtv.com\/index.php?rest_route=\/wp\/v2\/posts\/83822","targetHints":{"allow":["GET"]}}],"collection":[{"href":"https:\/\/www.egemtv.com\/index.php?rest_route=\/wp\/v2\/posts"}],"about":[{"href":"https:\/\/www.egemtv.com\/index.php?rest_route=\/wp\/v2\/types\/post"}],"author":[{"embeddable":true,"href":"https:\/\/www.egemtv.com\/index.php?rest_route=\/wp\/v2\/users\/1"}],"replies":[{"embeddable":true,"href":"https:\/\/www.egemtv.com\/index.php?rest_route=%2Fwp%2Fv2%2Fcomments&post=83822"}],"version-history":[{"count":1,"href":"https:\/\/www.egemtv.com\/index.php?rest_route=\/wp\/v2\/posts\/83822\/revisions"}],"predecessor-version":[{"id":83824,"href":"https:\/\/www.egemtv.com\/index.php?rest_route=\/wp\/v2\/posts\/83822\/revisions\/83824"}],"wp:featuredmedia":[{"embeddable":true,"href":"https:\/\/www.egemtv.com\/index.php?rest_route=\/wp\/v2\/media\/83823"}],"wp:attachment":[{"href":"https:\/\/www.egemtv.com\/index.php?rest_route=%2Fwp%2Fv2%2Fmedia&parent=83822"}],"wp:term":[{"taxonomy":"category","embeddable":true,"href":"https:\/\/www.egemtv.com\/index.php?rest_route=%2Fwp%2Fv2%2Fcategories&post=83822"},{"taxonomy":"post_tag","embeddable":true,"href":"https:\/\/www.egemtv.com\/index.php?rest_route=%2Fwp%2Fv2%2Ftags&post=83822"}],"curies":[{"name":"wp","href":"https:\/\/api.w.org\/{rel}","templated":true}]}}