{"id":83819,"date":"2026-01-29T10:35:03","date_gmt":"2026-01-29T07:35:03","guid":{"rendered":"https:\/\/www.egemtv.com\/?p=83819"},"modified":"2026-01-29T10:35:04","modified_gmt":"2026-01-29T07:35:04","slug":"adu-avrupa-universite-siralamasinda-yerini-aldi","status":"publish","type":"post","link":"https:\/\/www.egemtv.com\/?p=83819","title":{"rendered":"AD\u00dc, Avrupa \u00dcniversite S\u0131ralamas\u0131nda yerini ald\u0131"},"content":{"rendered":"<p>Ayd\u0131n Adnan Menderes \u00dcniversitesi (AD\u00dc), uluslararas\u0131 y\u00fcksek\u00f6\u011fretim derecelendirme kurulu\u015fu QS (Quacquarelli Symonds) taraf\u0131ndan a\u00e7\u0131klanan 2026 QS Avrupa \u00dcniversite S\u0131ralamas\u0131nda Avrupa\u2019daki t\u00fcm \u00fcniversiteler aras\u0131nda 701-900 band\u0131nda yer al\u0131rken, Avrupa Bat\u0131 Asya b\u00f6lgesinde 79. s\u0131raya yerle\u015fti.<\/p>\n<p>QS Avrupa \u00dcniversite S\u0131ralamas\u0131 kapsam\u0131nda \u00fcniversiteler; akademik itibar, i\u015fveren itibar\u0131, ara\u015ft\u0131rma \u00e7\u0131kt\u0131lar\u0131, uluslararas\u0131la\u015fma, istihdam sonu\u00e7lar\u0131 ve s\u00fcrd\u00fcr\u00fclebilirlik gibi \u00e7ok boyutlu g\u00f6stergeler \u00fczerinden de\u011ferlendirildi. AD\u00dc, genel s\u0131ralama g\u00f6stergelerinin tamam\u0131nda istikrarl\u0131 bir performans sergileyerek uluslararas\u0131 \u00f6l\u00e7ekte g\u00f6r\u00fcn\u00fcrl\u00fc\u011f\u00fcn\u00fc bir kez daha ortaya koydu.<\/p>\n<p>AD\u00dc, akademik itibar ve i\u015fveren itibar\u0131 g\u00f6stergelerinde 301+, ara\u015ft\u0131rma ve uluslararas\u0131la\u015fma ba\u015fl\u0131klar\u0131n\u0131n \u00f6nemli bir b\u00f6l\u00fcm\u00fcnde ise 401+ band\u0131nda yer ald\u0131. \u00d6\u011fretim \u00fcyesi\/\u00f6\u011frenci oran\u0131, \u00f6\u011fretim \u00fcyesi ba\u015f\u0131na makale say\u0131s\u0131, makale ba\u015f\u0131na at\u0131f, istihdam sonu\u00e7lar\u0131, uluslararas\u0131 ara\u015ft\u0131rma a\u011f\u0131, \u00f6\u011frenci ve \u00f6\u011fretim \u00fcyesi hareketlili\u011fi ile s\u00fcrd\u00fcr\u00fclebilirlik alanlar\u0131nda elde edilen sonu\u00e7lar, AD\u00dc\u2019n\u00fcn b\u00fct\u00fcnc\u00fcl geli\u015fim yakla\u015f\u0131m\u0131n\u0131 yans\u0131tt\u0131.<\/p>\n<p>T\u00fcrkiye s\u0131ralamalar\u0131nda ise Ayd\u0131n Adnan Menderes \u00dcniversitesi bir\u00e7ok g\u00f6stergede \u00fcst s\u0131ralarda yer ald\u0131. Akademik itibar alan\u0131nda T\u00fcrkiye genelinde 12\u2019nci, \u00f6\u011fretim \u00fcyesi\/\u00f6\u011frenci oran\u0131 ve uluslararas\u0131 ara\u015ft\u0131rma a\u011f\u0131 g\u00f6stergelerinde 13\u2019\u00fcnc\u00fc, \u00f6\u011fretim \u00fcyesi ba\u015f\u0131na makale say\u0131s\u0131nda 14\u2019\u00fcnc\u00fc s\u0131rada yer alan AD\u00dc; i\u015fveren itibar\u0131, uluslararas\u0131 \u00f6\u011fretim \u00fcyesi oran\u0131 ve ara\u015ft\u0131rma etki g\u00f6stergelerinde de dikkat \u00e7ekici bir performans ortaya koydu.<\/p>\n<p>AD\u00dc Rekt\u00f6r\u00fc Prof. Dr. B\u00fclent Kent, elde edilen ba\u015far\u0131ya ili\u015fkin de\u011ferlendirmesinde, &#8220;QS Avrupa \u00dcniversite S\u0131ralamas\u0131nda elde etti\u011fimiz bu sonu\u00e7lar, Ayd\u0131n Adnan Menderes \u00dcniversitesinin son y\u0131llarda kararl\u0131l\u0131kla s\u00fcrd\u00fcrd\u00fc\u011f\u00fc nitelik odakl\u0131 d\u00f6n\u00fc\u015f\u00fcm s\u00fcrecinin somut bir g\u00f6stergesidir. Akademik \u00fcretimi merkeze alan, uluslararas\u0131 i\u015f birliklerini g\u00fc\u00e7lendiren ve mezunlar\u0131m\u0131z\u0131n istihdam edilebilirli\u011fini \u00f6nceleyen bir anlay\u0131\u015fla yol al\u0131yoruz. \u2018Ara\u015ft\u0131rma \u00dcniversitesi\u2019 vizyonumuz do\u011frultusunda; bilimsel yay\u0131n kalitesini art\u0131ran, disiplinler aras\u0131 \u00e7al\u0131\u015fmalar\u0131 te\u015fvik eden ve s\u00fcrd\u00fcr\u00fclebilir kalk\u0131nma hedefleriyle uyumlu projeler \u00fcreten bir \u00fcniversite olmay\u0131 hedefliyoruz. Bu ba\u015far\u0131da eme\u011fi ge\u00e7en t\u00fcm akademik ve idari personelimize, \u00f6\u011frencilerimize ve payda\u015flar\u0131m\u0131za te\u015fekk\u00fcr ediyorum&#8221; ifadelerini kulland\u0131.<\/p>\n<p>Rekt\u00f6r Kent, Ayd\u0131n Adnan Menderes \u00dcniversitesi\u2019nin k\u00fcresel y\u00fcksek\u00f6\u011fretim ekosistemindeki konumunu g\u00fc\u00e7lendirmeye, ara\u015ft\u0131rma kapasitesini art\u0131rmaya ve uluslararas\u0131 rekabette daha \u00fcst s\u0131ralara y\u00fckselmeye y\u00f6nelik \u00e7al\u0131\u015fmalar\u0131n\u0131 kararl\u0131l\u0131kla s\u00fcrd\u00fcrmeye devam edece\u011fini kaydetti.<br \/><\/p>\n","protected":false},"excerpt":{"rendered":"<p>Ayd\u0131n Adnan Menderes \u00dcniversitesi (AD\u00dc), uluslararas\u0131 y\u00fcksek\u00f6\u011fretim derecelendirme kurulu\u015fu QS (Quacquarelli Symonds) taraf\u0131ndan a\u00e7\u0131klanan 2026 QS Avrupa \u00dcniversite S\u0131ralamas\u0131nda Avrupa\u2019daki t\u00fcm \u00fcniversiteler aras\u0131nda 701-900 band\u0131nda yer al\u0131rken, Avrupa Bat\u0131 Asya b\u00f6lgesinde 79. s\u0131raya yerle\u015fti. QS Avrupa \u00dcniversite S\u0131ralamas\u0131 kapsam\u0131nda \u00fcniversiteler; akademik itibar, i\u015fveren itibar\u0131, ara\u015ft\u0131rma \u00e7\u0131kt\u0131lar\u0131, uluslararas\u0131la\u015fma, istihdam sonu\u00e7lar\u0131 ve s\u00fcrd\u00fcr\u00fclebilirlik gibi \u00e7ok boyutlu g\u00f6stergeler&#8230;<\/p>\n","protected":false},"author":1,"featured_media":83820,"comment_status":"open","ping_status":"open","sticky":false,"template":"","format":"standard","meta":{"_crdt_document":"","footnotes":""},"categories":[1],"tags":[],"class_list":["post-83819","post","type-post","status-publish","format-standard","has-post-thumbnail","hentry","category-guncel"],"_links":{"self":[{"href":"https:\/\/www.egemtv.com\/index.php?rest_route=\/wp\/v2\/posts\/83819","targetHints":{"allow":["GET"]}}],"collection":[{"href":"https:\/\/www.egemtv.com\/index.php?rest_route=\/wp\/v2\/posts"}],"about":[{"href":"https:\/\/www.egemtv.com\/index.php?rest_route=\/wp\/v2\/types\/post"}],"author":[{"embeddable":true,"href":"https:\/\/www.egemtv.com\/index.php?rest_route=\/wp\/v2\/users\/1"}],"replies":[{"embeddable":true,"href":"https:\/\/www.egemtv.com\/index.php?rest_route=%2Fwp%2Fv2%2Fcomments&post=83819"}],"version-history":[{"count":1,"href":"https:\/\/www.egemtv.com\/index.php?rest_route=\/wp\/v2\/posts\/83819\/revisions"}],"predecessor-version":[{"id":83821,"href":"https:\/\/www.egemtv.com\/index.php?rest_route=\/wp\/v2\/posts\/83819\/revisions\/83821"}],"wp:featuredmedia":[{"embeddable":true,"href":"https:\/\/www.egemtv.com\/index.php?rest_route=\/wp\/v2\/media\/83820"}],"wp:attachment":[{"href":"https:\/\/www.egemtv.com\/index.php?rest_route=%2Fwp%2Fv2%2Fmedia&parent=83819"}],"wp:term":[{"taxonomy":"category","embeddable":true,"href":"https:\/\/www.egemtv.com\/index.php?rest_route=%2Fwp%2Fv2%2Fcategories&post=83819"},{"taxonomy":"post_tag","embeddable":true,"href":"https:\/\/www.egemtv.com\/index.php?rest_route=%2Fwp%2Fv2%2Ftags&post=83819"}],"curies":[{"name":"wp","href":"https:\/\/api.w.org\/{rel}","templated":true}]}}