{"id":83816,"date":"2026-01-29T10:15:02","date_gmt":"2026-01-29T07:15:02","guid":{"rendered":"https:\/\/www.egemtv.com\/?p=83816"},"modified":"2026-01-29T10:15:03","modified_gmt":"2026-01-29T07:15:03","slug":"ispartada-bu-cay-ocagina-stresli-giren-turku-soyleyerek-cikiyor","status":"publish","type":"post","link":"https:\/\/www.egemtv.com\/?p=83816","title":{"rendered":"Isparta\u2019da bu \u00e7ay oca\u011f\u0131na stresli giren t\u00fcrk\u00fc s\u00f6yleyerek \u00e7\u0131k\u0131yor"},"content":{"rendered":"<p>Isparta\u2019da kurdu\u011fu \u2018Moral \u0130stasyonu\u2019 isimli \u00e7ay oca\u011f\u0131nda hem \u00e7ay demleyip hem de t\u00fcrk\u00fcleriyle sohbet havas\u0131 estiren mahalli ses sanat\u00e7\u0131 Ramazan Akden, m\u00fc\u015fterilerine sundu\u011fu ortamla dikkat \u00e7ekiyor. \u0130\u00e7eri ad\u0131m atan hem stresini kap\u0131da b\u0131rak\u0131yor hem de kendini mini bir konserin i\u00e7inde buluyor.<br \/>\n<br \/>Isparta\u2019da \u00e7ay oca\u011f\u0131 i\u015fletmecili\u011fi yapan ve ayn\u0131 zamanda mahalli ses sanat\u00e7\u0131s\u0131 olarak tan\u0131nan Ramazan Akden, \u00e7ay servisinin yan\u0131nda mini konserler veriyor. Yakla\u015f\u0131k 30 y\u0131ld\u0131r \u00e7ay oca\u011f\u0131 i\u015fleten Akden\u2019in 15 y\u0131l \u00f6nce merkeze kurdu\u011fu &#8220;Moral \u0130stasyonu&#8221; isimli \u00e7ayevi, son y\u0131llarda stres atmak isteyenlerin u\u011frak noktas\u0131 oldu. Ba\u011flama, cura ve darbuka gibi enstr\u00fcmanlardan olu\u015fan yedi ki\u015filik mini orkestras\u0131yla m\u00fc\u015fterilerine adeta m\u00fczik \u015f\u00f6leni sunan Akden, hem \u00e7ay da\u011f\u0131t\u0131yor hem de sevilen t\u00fcrk\u00fcleri seslendiriyor. Giyim ku\u015fam\u0131na \u00f6zen g\u00f6stererek m\u00fc\u015fterilerine sayg\u0131s\u0131n\u0131 her f\u0131rsatta g\u00f6steren Akden, g\u00fcn\u00fcn stresinden uzakla\u015fmak isteyenlere adeta terapi gibi bir ortam sunuyor. Yerel halk\u0131n yan\u0131 s\u0131ra farkl\u0131 \u00fclkelerden yabanc\u0131 ziyaret\u00e7iler de hem \u00e7ay i\u00e7mek hem de Akden\u2019in t\u00fcrk\u00fclerini dinlemek i\u00e7in \u00e7ayevini tercih ediyor.<\/p>\n<p>&#8220;Moral \u0130stasyonu\u2019nu sevgiyle kurduk&#8221;<br \/>\n<br \/>Ramazan Akden, Isparta\u2019n\u0131n Yalva\u00e7 il\u00e7esine ba\u011fl\u0131 Ey\u00fcpler k\u00f6y\u00fcnde do\u011fdu\u011funu belirterek, y\u0131llard\u0131r bu i\u015fi s\u00fcrd\u00fcrd\u00fcklerini ifade etti. Kent merkezine 15 y\u0131l \u00f6nce geldiklerini anlatan Akden, &#8220;Bu \u00e7ay oca\u011f\u0131nda \u2018Moral \u0130stasyonu\u2019 olarak an\u0131lmam\u0131zda karde\u015flerimizle birlikte y\u0131llar boyunca ortaya koydu\u011fumuz eme\u011fin b\u00fcy\u00fck pay\u0131 var. Bu i\u015fi insanlar\u0131 severek yap\u0131yoruz. Halk\u0131m\u0131za hi\u00e7bir kar\u015f\u0131l\u0131k beklemeden destek olmak, \u00e7orbada bizim de tuzumuz olsun istedik&#8221; dedi.<br \/>\n<br \/>Eski yerlerinin olduk\u00e7a k\u00fc\u00e7\u00fck oldu\u011funu s\u00f6yleyen Akden, televizyonlardan gelenlerin &#8220;Buras\u0131 neresi?&#8221; sorusuna hep &#8220;Moral istasyonu&#8221; diye yan\u0131t verdi\u011fini, ilginin artmas\u0131yla birlikte ger\u00e7ek bir moral istasyonu kurma karar\u0131 ald\u0131\u011f\u0131n\u0131 belirterek, &#8220;B\u00f6yle ba\u015flad\u0131 her \u015fey. Y\u0131llar ise su gibi ak\u0131p ge\u00e7iyor&#8221; \u015feklinde konu\u015ftu.<\/p>\n<p>&#8220;\u0130nsanlar\u0131n sevgisi bize g\u00fc\u00e7 veriyor&#8221;<br \/>\n<br \/>Hayat\u0131n k\u0131sa oldu\u011funu vurgulayan Akden, insanlar\u0131n birbirini sevmesi gerekti\u011fini s\u00f6yledi. &#8220;\u0130nsanlara sevgiyle yakla\u015f\u0131rsak k\u00f6t\u00fcl\u00fck olmaz, her \u015fey daha g\u00fczel y\u00fcr\u00fcr&#8221; diyen Akden, d\u00fcnyan\u0131n d\u00f6rt bir yan\u0131ndan gelen misafirlerin kendisine duydu\u011fu sevgiyi, &#8220;Avustralya\u2019dan, Amerika\u2019dan, \u0130ngiltere\u2019den, Almanya\u2019dan gelenler var. \u00d6yle g\u00fczel mesajlar yaz\u0131yor, \u00f6yle g\u00fczel \u015feyler s\u00f6yl\u00fcyorlar ki. \u2018\u0130yi ki vars\u0131n\u2019 diyorlar. Yapt\u0131\u011f\u0131m\u0131z t\u00fcrk\u00fcleri dinleyip y\u0131llar sonra bile bizi ziyarete gelenler oluyor. \u2018Senin t\u00fcrk\u00fclerini dinledik, onlarla b\u00fcy\u00fcd\u00fck\u2019 diyorlar. Bu da bize mutluluk veriyor&#8221; ifadelerini kulland\u0131.<br \/>\n<br \/>Yakla\u015f\u0131k 15 \u015fark\u0131 yapt\u0131klar\u0131n\u0131, bestelerin m\u00fcziklerini arkada\u015flar\u0131yla birlikte haz\u0131rlad\u0131klar\u0131n\u0131, bunun insanlar i\u00e7in moral kayna\u011f\u0131 olmas\u0131ndan gurur duydu\u011funu belirten Akden, &#8220;Her g\u00fcn neredeyse program yap\u0131yoruz, payla\u015ft\u0131k\u00e7a b\u00fcy\u00fcyoruz&#8221; ifadelerini kulland\u0131.<br \/>\n<br \/>Moral \u0130stasyonu\u2019nun herkese a\u00e7\u0131k oldu\u011funu vurgulayan Akden, &#8220;Bizi izleyen, dinleyen, haber yapan t\u00fcm karde\u015flerime, d\u00fcnyan\u0131n d\u00f6rt bir yan\u0131ndaki gurbet\u00e7ilere selam olsun. Bizi izlemeye devam etsinler. Daha g\u00fczel \u015feyler yapaca\u011f\u0131z. Moral \u0130stasyonu daima yanlar\u0131nda&#8221; \u015feklinde konu\u015ftu.<\/p>\n<p>&#8220;Ramazan a\u011fabeyimizin yan\u0131nda b\u00fcy\u00fcd\u00fck&#8221;<br \/>\n<br \/>Ramazan Akden\u2019in t\u00fcrk\u00fclerini dinlemeye gelen 21 ya\u015f\u0131ndaki Emirhan Karata\u015f, &#8220;\u00c7ocuklu\u011fumuzdan beri Ramazan a\u011fabeyimizin yan\u0131na gelir, \u00e7ay\u0131n\u0131, kahvesini i\u00e7erdik. Ayn\u0131 zamanda ondan \u00e7ok \u015fey \u00f6\u011frendik. K\u00fc\u00e7\u00fckken buradan ge\u00e7erken i\u00e7eriden gelen m\u00fczikleri duyar, b\u00fcy\u00fcy\u00fcnce buraya girmenin hayalini kurard\u0131k. Ama buras\u0131 \u00f6yle bir yer ki, sadece \u00e7ocuklar de\u011fil, 7\u2019den 70\u2019e herkes geliyor. Ramazan a\u011fabeyimize sonsuz te\u015fekk\u00fcr ediyoruz. Bizi her zaman s\u0131cak \u00e7ay\u0131yla, s\u0131cak kahvesiyle a\u011f\u0131rl\u0131yor&#8221; dedi.<\/p>\n<p>&#8220;T\u00fcrk\u00fcleriyle bize yol g\u00f6sterdi&#8221;<br \/>\n<br \/>Karata\u015f, &#8220;Biz Ne\u015fet Erta\u015f ve Muharrem Erta\u015f\u2019\u0131n t\u00fcrk\u00fcleriyle b\u00fcy\u00fcd\u00fck. Ayn\u0131 zamanda Ramazan a\u011fabeyimizin t\u00fcrk\u00fcleri ve m\u00fczikleriyle de b\u00fcy\u00fcd\u00fck. Burada \u00f6\u011frendiklerimizi devam ettiriyoruz. Kendi arkada\u015flar\u0131ma, ya\u015f\u0131tlar\u0131ma ve \u00f6\u011frenci karde\u015flerime buraya gelmelerini tavsiye ediyorum. Buraya gelmek sadece \u00e7ay i\u00e7mek i\u00e7in de\u011fil; m\u00fczik dinlemek, Ramazan a\u011fabeyin g\u00fcler y\u00fcz\u00fcn\u00fc g\u00f6rmek ve onun t\u00fcrk\u00fclerini duymak i\u00e7in geliyoruz. Kendisine sonsuz te\u015fekk\u00fcr ediyorum&#8221; \u015feklinde konu\u015ftu.<\/p>\n<p>&#8220;Buraya 11 ya\u015f\u0131mda geldim, 9 y\u0131ld\u0131r \u00e7ok \u015fey \u00f6\u011frendim&#8221;<br \/>\n<br \/>&#8220;Ben buraya ilk kez 11 ya\u015f\u0131mda geldim. Yakla\u015f\u0131k 9 y\u0131ld\u0131r buraday\u0131m ve bu s\u00fcre i\u00e7inde bana \u00e7ok \u015fey katt\u0131&#8221; diyen Karata\u015f, &#8220;Ramazan a\u011fabey t\u00fcrk\u00fcleriyle, m\u00fczi\u011fiyle, saz\u0131yla, s\u00f6z\u00fcyle bize \u00f6rnek oldu. Umar\u0131m ben de ileride onun gibi b\u00fcy\u00fck bir insan olurum. Burada sadece t\u00fcrk\u00fc de\u011fil, oyun havalar\u0131m\u0131z da var. Ramazan a\u011fabeyimizin yapt\u0131\u011f\u0131 oyun havalar\u0131n\u0131 isteyenlere \u00e7al\u0131p oynat\u0131yoruz. Y\u00f6r\u00fc\u011f\u00fc de geliyor, uzaktan gelen de oluyor. Burada \u00e7al\u0131p oynamak isteyen herkese kap\u0131m\u0131z a\u00e7\u0131k&#8221; ifadelerini kulland\u0131.<br \/><\/p>\n","protected":false},"excerpt":{"rendered":"<p>Isparta\u2019da kurdu\u011fu \u2018Moral \u0130stasyonu\u2019 isimli \u00e7ay oca\u011f\u0131nda hem \u00e7ay demleyip hem de t\u00fcrk\u00fcleriyle sohbet havas\u0131 estiren mahalli ses sanat\u00e7\u0131 Ramazan Akden, m\u00fc\u015fterilerine sundu\u011fu ortamla dikkat \u00e7ekiyor. \u0130\u00e7eri ad\u0131m atan hem stresini kap\u0131da b\u0131rak\u0131yor hem de kendini mini bir konserin i\u00e7inde buluyor. Isparta\u2019da \u00e7ay oca\u011f\u0131 i\u015fletmecili\u011fi yapan ve ayn\u0131 zamanda mahalli ses sanat\u00e7\u0131s\u0131 olarak tan\u0131nan Ramazan&#8230;<\/p>\n","protected":false},"author":1,"featured_media":83817,"comment_status":"open","ping_status":"open","sticky":false,"template":"","format":"standard","meta":{"_crdt_document":"","footnotes":""},"categories":[123],"tags":[],"class_list":["post-83816","post","type-post","status-publish","format-standard","has-post-thumbnail","hentry","category-gundem"],"_links":{"self":[{"href":"https:\/\/www.egemtv.com\/index.php?rest_route=\/wp\/v2\/posts\/83816","targetHints":{"allow":["GET"]}}],"collection":[{"href":"https:\/\/www.egemtv.com\/index.php?rest_route=\/wp\/v2\/posts"}],"about":[{"href":"https:\/\/www.egemtv.com\/index.php?rest_route=\/wp\/v2\/types\/post"}],"author":[{"embeddable":true,"href":"https:\/\/www.egemtv.com\/index.php?rest_route=\/wp\/v2\/users\/1"}],"replies":[{"embeddable":true,"href":"https:\/\/www.egemtv.com\/index.php?rest_route=%2Fwp%2Fv2%2Fcomments&post=83816"}],"version-history":[{"count":1,"href":"https:\/\/www.egemtv.com\/index.php?rest_route=\/wp\/v2\/posts\/83816\/revisions"}],"predecessor-version":[{"id":83818,"href":"https:\/\/www.egemtv.com\/index.php?rest_route=\/wp\/v2\/posts\/83816\/revisions\/83818"}],"wp:featuredmedia":[{"embeddable":true,"href":"https:\/\/www.egemtv.com\/index.php?rest_route=\/wp\/v2\/media\/83817"}],"wp:attachment":[{"href":"https:\/\/www.egemtv.com\/index.php?rest_route=%2Fwp%2Fv2%2Fmedia&parent=83816"}],"wp:term":[{"taxonomy":"category","embeddable":true,"href":"https:\/\/www.egemtv.com\/index.php?rest_route=%2Fwp%2Fv2%2Fcategories&post=83816"},{"taxonomy":"post_tag","embeddable":true,"href":"https:\/\/www.egemtv.com\/index.php?rest_route=%2Fwp%2Fv2%2Ftags&post=83816"}],"curies":[{"name":"wp","href":"https:\/\/api.w.org\/{rel}","templated":true}]}}