{"id":83813,"date":"2026-01-29T10:15:00","date_gmt":"2026-01-29T07:15:00","guid":{"rendered":"https:\/\/www.egemtv.com\/?p=83813"},"modified":"2026-01-29T10:15:02","modified_gmt":"2026-01-29T07:15:02","slug":"jandarma-asayis-vakfi-mugla-il-temsilciligi-mentesede-toplandi","status":"publish","type":"post","link":"https:\/\/www.egemtv.com\/?p=83813","title":{"rendered":"Jandarma Asayi\u015f Vakf\u0131 Mu\u011fla \u0130l Temsilcili\u011fi Mente\u015fe\u2019de topland\u0131"},"content":{"rendered":"<p>Jandarma Asayi\u015f Vakf\u0131 (JAV) Mu\u011fla \u0130l Temsilcili\u011fi toplant\u0131s\u0131, Mu\u011fla Valisi Dr. \u0130dris Akb\u0131y\u0131k\u2019\u0131n onursal ba\u015fkanl\u0131\u011f\u0131nda Mente\u015fe il\u00e7esinde ger\u00e7ekle\u015ftirildi.<\/p>\n<p>Toplant\u0131da, Jandarma Asayi\u015f Vakf\u0131\u2019n\u0131n y\u00fcr\u00fctt\u00fc\u011f\u00fc \u00e7al\u0131\u015fmalar ve faaliyetler ele al\u0131nd\u0131. JAV \u0130l Temsilcisi ve Mu\u011fla \u0130l Jandarma Komutan\u0131 Tu\u011fgeneral Adem \u015een, vakf\u0131n destek alanlar\u0131 ve y\u00fcr\u00fct\u00fclen projeler hakk\u0131nda Vali Akb\u0131y\u0131k\u2019a bilgi verdi.<\/p>\n<p>Vali Dr. \u0130dris Akb\u0131y\u0131k, toplant\u0131da yapt\u0131\u011f\u0131 de\u011ferlendirmede, kamu d\u00fczeninin sa\u011flanmas\u0131 ve vatanda\u015flar\u0131n huzur ve g\u00fcvenli\u011fi i\u00e7in fedakarca g\u00f6rev yapan Jandarma Te\u015fkilat\u0131\u2019n\u0131n \u00f6nemine vurgu yapt\u0131. Vak\u0131f \u00fcyelerine, kahraman jandarma personeline verdikleri desteklerden dolay\u0131 te\u015fekk\u00fcr eden Vali Akb\u0131y\u0131k, bu t\u00fcr \u00e7al\u0131\u015fmalar\u0131n kurumsal dayan\u0131\u015fmay\u0131 g\u00fc\u00e7lendirdi\u011fini ifade etti.<\/p>\n<p>Toplant\u0131, kar\u015f\u0131l\u0131kl\u0131 g\u00f6r\u00fc\u015f al\u0131\u015fveri\u015finin ard\u0131ndan sona erdi.<br \/><\/p>\n","protected":false},"excerpt":{"rendered":"<p>Jandarma Asayi\u015f Vakf\u0131 (JAV) Mu\u011fla \u0130l Temsilcili\u011fi toplant\u0131s\u0131, Mu\u011fla Valisi Dr. \u0130dris Akb\u0131y\u0131k\u2019\u0131n onursal ba\u015fkanl\u0131\u011f\u0131nda Mente\u015fe il\u00e7esinde ger\u00e7ekle\u015ftirildi. Toplant\u0131da, Jandarma Asayi\u015f Vakf\u0131\u2019n\u0131n y\u00fcr\u00fctt\u00fc\u011f\u00fc \u00e7al\u0131\u015fmalar ve faaliyetler ele al\u0131nd\u0131. JAV \u0130l Temsilcisi ve Mu\u011fla \u0130l Jandarma Komutan\u0131 Tu\u011fgeneral Adem \u015een, vakf\u0131n destek alanlar\u0131 ve y\u00fcr\u00fct\u00fclen projeler hakk\u0131nda Vali Akb\u0131y\u0131k\u2019a bilgi verdi. Vali Dr. \u0130dris Akb\u0131y\u0131k, toplant\u0131da&#8230;<\/p>\n","protected":false},"author":1,"featured_media":83814,"comment_status":"open","ping_status":"open","sticky":false,"template":"","format":"standard","meta":{"_crdt_document":"","footnotes":""},"categories":[1],"tags":[],"class_list":["post-83813","post","type-post","status-publish","format-standard","has-post-thumbnail","hentry","category-guncel"],"_links":{"self":[{"href":"https:\/\/www.egemtv.com\/index.php?rest_route=\/wp\/v2\/posts\/83813","targetHints":{"allow":["GET"]}}],"collection":[{"href":"https:\/\/www.egemtv.com\/index.php?rest_route=\/wp\/v2\/posts"}],"about":[{"href":"https:\/\/www.egemtv.com\/index.php?rest_route=\/wp\/v2\/types\/post"}],"author":[{"embeddable":true,"href":"https:\/\/www.egemtv.com\/index.php?rest_route=\/wp\/v2\/users\/1"}],"replies":[{"embeddable":true,"href":"https:\/\/www.egemtv.com\/index.php?rest_route=%2Fwp%2Fv2%2Fcomments&post=83813"}],"version-history":[{"count":1,"href":"https:\/\/www.egemtv.com\/index.php?rest_route=\/wp\/v2\/posts\/83813\/revisions"}],"predecessor-version":[{"id":83815,"href":"https:\/\/www.egemtv.com\/index.php?rest_route=\/wp\/v2\/posts\/83813\/revisions\/83815"}],"wp:featuredmedia":[{"embeddable":true,"href":"https:\/\/www.egemtv.com\/index.php?rest_route=\/wp\/v2\/media\/83814"}],"wp:attachment":[{"href":"https:\/\/www.egemtv.com\/index.php?rest_route=%2Fwp%2Fv2%2Fmedia&parent=83813"}],"wp:term":[{"taxonomy":"category","embeddable":true,"href":"https:\/\/www.egemtv.com\/index.php?rest_route=%2Fwp%2Fv2%2Fcategories&post=83813"},{"taxonomy":"post_tag","embeddable":true,"href":"https:\/\/www.egemtv.com\/index.php?rest_route=%2Fwp%2Fv2%2Ftags&post=83813"}],"curies":[{"name":"wp","href":"https:\/\/api.w.org\/{rel}","templated":true}]}}