{"id":83810,"date":"2026-01-29T10:14:59","date_gmt":"2026-01-29T07:14:59","guid":{"rendered":"https:\/\/www.egemtv.com\/?p=83810"},"modified":"2026-01-29T10:15:00","modified_gmt":"2026-01-29T07:15:00","slug":"unlu-ressamlar-modaya-ilham-verdi","status":"publish","type":"post","link":"https:\/\/www.egemtv.com\/?p=83810","title":{"rendered":"\u00dcnl\u00fc ressamlar, modaya ilham verdi"},"content":{"rendered":"<p>\u0130zmir Ekonomi \u00dcniversitesi (\u0130E\u00dc) Tekstil ve Moda Tasar\u0131m\u0131 B\u00f6l\u00fcm\u00fc 4\u2019\u00fcnc\u00fc s\u0131n\u0131f \u00f6\u011frencileri, sanat tarihinde iz b\u0131rakan Edouard Manet, James Tissot, John Singer Sargent, Gustav Klimt, Tamara de Lempicka ve Frida Kahlo gibi ressamlar\u0131n eserlerinden ilham alarak \u00f6zel bir koleksiyon olu\u015fturdu.<br \/>\n<br \/>R\u00f6nesans\u2019tan Modernizme uzanan ikonik portre resimlerinden esinlenen gen\u00e7ler, giysi tasar\u0131mlar\u0131n\u0131 \u2018Zamanlararas\u0131 Moda ve Portre Diyaloglar\u0131\u2019 adl\u0131 sergide sanatseverlerin ve sekt\u00f6r\u00fcn be\u011fenisine sundu. Sergiyi gezen Ege Giyim Sanayicileri Derne\u011fi ile Ege Haz\u0131r Giyim ve Konfeksiyon \u0130hracat\u00e7\u0131lar\u0131 Birli\u011fi temsilcilerini, profesyonel tasar\u0131mc\u0131lar\u0131 ve t\u00fcm konuklar\u0131, ge\u00e7mi\u015ften g\u00fcn\u00fcm\u00fcze uzanan bir zaman yolculu\u011funa \u00e7\u0131karan \u00f6\u011frenciler, \u00f6zg\u00fcn bak\u0131\u015f a\u00e7\u0131lar\u0131yla b\u00fcy\u00fck be\u011feni toplad\u0131.<br \/>\n<br \/>\u0130E\u00dc G\u00fczel Sanatlar ve Tasar\u0131m Fak\u00fcltesi Tekstil ve Moda Tasar\u0131m\u0131 B\u00f6l\u00fcm\u00fc \u00d6\u011fretim \u00dcyesi, St\u00fcdyo E\u011fitmeni Do\u00e7. Dr. \u015e\u00f6len Kip\u00f6z, modan\u0131n sanattan yo\u011fun bir \u015fekilde beslendi\u011fine dikkat \u00e7ekti.<br \/>\n<br \/>\u00d6\u011frencilerin de s\u00fcreci b\u00fcy\u00fck bir tutkuyla sahiplendi\u011fini ifade eden Do\u00e7. Dr. Kip\u00f6z, &#8220;Bu proje, \u00f6\u011frencilerimizin sanata ve k\u00fclt\u00fcrel mirasa y\u00f6nelik duyarl\u0131l\u0131klar\u0131n\u0131 daha da derinle\u015ftirdi. Gen\u00e7lerimiz, sanat eserlerini salt ilham kayna\u011f\u0131 olarak alman\u0131n \u00f6tesinde, ara\u015ft\u0131rma temelli tasar\u0131m becerilerini g\u00fc\u00e7lendirerek \u00f6zg\u00fcn ve kavramsal a\u00e7\u0131dan g\u00fc\u00e7l\u00fc moda koleksiyonlar\u0131 ortaya \u00e7\u0131kard\u0131&#8221; diye konu\u015ftu.<\/p>\n<p>&#8220;Sadece koleksiyon de\u011fil, kimlik de olu\u015fturdular&#8221;<br \/>\n<br \/>Sergide hem klasik hem de modern sanata bir bak\u0131\u015f sunduklar\u0131n\u0131 ifade eden Do\u00e7. Dr. Kip\u00f6z, &#8220;Moda, s\u0131kl\u0131kla kendi ge\u00e7mi\u015finden ilham al\u0131yor, yararlan\u0131yor ve kendini tekrar ediyor. Proje s\u00fcrecinde kost\u00fcmlere, ressamlar\u0131n portrelerdeki ki\u015fileri ifade etme bi\u00e7imlerine ve olu\u015fturduklar\u0131 kimliklere bakarak ilerledik. Her \u00f6\u011frencimiz, bir koleksiyon olu\u015ftururken ayn\u0131 zamanda bir insan, bir kimlik de olu\u015fturdu. Bu kimlikleri bulu\u015fturmalar\u0131, asl\u0131nda ge\u00e7mi\u015ften gelece\u011fe uzanan bir sanat \u00fcretimi de ortaya koyuyor. Gelece\u011fe y\u00f6n verecek gen\u00e7 tasar\u0131mc\u0131lar olarak g\u00f6rd\u00fc\u011f\u00fcm\u00fcz \u00f6\u011frencilerimize sanat\u0131n \u2018zamanlararas\u0131l\u0131k\u2019 haf\u0131zas\u0131n\u0131; modan\u0131n bug\u00fcne ve gelece\u011fe evrilme s\u00fcrecini ya\u015fatmak istedik&#8221; ifadelerini kulland\u0131.<\/p>\n<p>&#8220;Modaya y\u00f6n verecekler&#8221;<br \/>\n<br \/>\u0130kinci d\u00f6nemde de projeye \u00e7a\u011fda\u015f bir konseptle devam edeceklerini dile getiren Do\u00e7. Dr. Kip\u00f6z, &#8220;\u0130kinci d\u00f6nemde tasar\u0131m\u0131n i\u00e7ine sorumluluk, s\u00fcrd\u00fcr\u00fclebilirlik ve etik boyutunu da katarak bir \u00e7al\u0131\u015fma yapmay\u0131 d\u00fc\u015f\u00fcn\u00fcyorum. \u00d6\u011frencilerimiz mezun olduklar\u0131nda, kendi tasar\u0131m kimliklerini in\u015fa etmi\u015f ve moda d\u00fcnyas\u0131na y\u00f6n vermek \u00fczere bir yol \u00e7izmi\u015f olacaklar. Bu kimliklerin tohumlar\u0131n\u0131n nas\u0131l at\u0131ld\u0131\u011f\u0131n\u0131 da sene sonunda ger\u00e7ekle\u015ftirece\u011fimiz defilede g\u00f6rece\u011fiz&#8221; dedi.<br \/><\/p>\n","protected":false},"excerpt":{"rendered":"<p>\u0130zmir Ekonomi \u00dcniversitesi (\u0130E\u00dc) Tekstil ve Moda Tasar\u0131m\u0131 B\u00f6l\u00fcm\u00fc 4\u2019\u00fcnc\u00fc s\u0131n\u0131f \u00f6\u011frencileri, sanat tarihinde iz b\u0131rakan Edouard Manet, James Tissot, John Singer Sargent, Gustav Klimt, Tamara de Lempicka ve Frida Kahlo gibi ressamlar\u0131n eserlerinden ilham alarak \u00f6zel bir koleksiyon olu\u015fturdu. R\u00f6nesans\u2019tan Modernizme uzanan ikonik portre resimlerinden esinlenen gen\u00e7ler, giysi tasar\u0131mlar\u0131n\u0131 \u2018Zamanlararas\u0131 Moda ve Portre Diyaloglar\u0131\u2019&#8230;<\/p>\n","protected":false},"author":1,"featured_media":83811,"comment_status":"open","ping_status":"open","sticky":false,"template":"","format":"standard","meta":{"_crdt_document":"","footnotes":""},"categories":[1],"tags":[],"class_list":["post-83810","post","type-post","status-publish","format-standard","has-post-thumbnail","hentry","category-guncel"],"_links":{"self":[{"href":"https:\/\/www.egemtv.com\/index.php?rest_route=\/wp\/v2\/posts\/83810","targetHints":{"allow":["GET"]}}],"collection":[{"href":"https:\/\/www.egemtv.com\/index.php?rest_route=\/wp\/v2\/posts"}],"about":[{"href":"https:\/\/www.egemtv.com\/index.php?rest_route=\/wp\/v2\/types\/post"}],"author":[{"embeddable":true,"href":"https:\/\/www.egemtv.com\/index.php?rest_route=\/wp\/v2\/users\/1"}],"replies":[{"embeddable":true,"href":"https:\/\/www.egemtv.com\/index.php?rest_route=%2Fwp%2Fv2%2Fcomments&post=83810"}],"version-history":[{"count":1,"href":"https:\/\/www.egemtv.com\/index.php?rest_route=\/wp\/v2\/posts\/83810\/revisions"}],"predecessor-version":[{"id":83812,"href":"https:\/\/www.egemtv.com\/index.php?rest_route=\/wp\/v2\/posts\/83810\/revisions\/83812"}],"wp:featuredmedia":[{"embeddable":true,"href":"https:\/\/www.egemtv.com\/index.php?rest_route=\/wp\/v2\/media\/83811"}],"wp:attachment":[{"href":"https:\/\/www.egemtv.com\/index.php?rest_route=%2Fwp%2Fv2%2Fmedia&parent=83810"}],"wp:term":[{"taxonomy":"category","embeddable":true,"href":"https:\/\/www.egemtv.com\/index.php?rest_route=%2Fwp%2Fv2%2Fcategories&post=83810"},{"taxonomy":"post_tag","embeddable":true,"href":"https:\/\/www.egemtv.com\/index.php?rest_route=%2Fwp%2Fv2%2Ftags&post=83810"}],"curies":[{"name":"wp","href":"https:\/\/api.w.org\/{rel}","templated":true}]}}