{"id":83807,"date":"2026-01-29T10:14:58","date_gmt":"2026-01-29T07:14:58","guid":{"rendered":"https:\/\/www.egemtv.com\/?p=83807"},"modified":"2026-01-29T10:14:59","modified_gmt":"2026-01-29T07:14:59","slug":"aydinda-enkazda-arama-kurtarma-egitimleri-suruyor","status":"publish","type":"post","link":"https:\/\/www.egemtv.com\/?p=83807","title":{"rendered":"Ayd\u0131n\u2019da enkazda arama kurtarma e\u011fitimleri s\u00fcr\u00fcyor"},"content":{"rendered":"<p>Ayd\u0131n \u0130l Afet ve Acil Durum M\u00fcd\u00fcrl\u00fc\u011f\u00fc (AFAD) koordinasyonunda d\u00fczenlenen enkazda arama ve kurtarma e\u011fitimleri, farkl\u0131 kurum ve ekiplerin kat\u0131l\u0131m\u0131yla aral\u0131ks\u0131z devam ediyor.<\/p>\n<p>Afetlere kar\u015f\u0131 haz\u0131rl\u0131k amac\u0131yla ger\u00e7ekle\u015ftirilen e\u011fitimlerde, arama kurtarma ekipleri ger\u00e7e\u011fi aratmayan enkaz senaryolar\u0131nda uygulamal\u0131 \u00e7al\u0131\u015fmalar yapt\u0131. Ekipler, AFAD e\u011fitmenleri e\u015fli\u011finde enkazda g\u00fcvenli hareket, kazazede tespiti, dar alanlarda \u00e7al\u0131\u015fma, ekip i\u00e7i koordinasyon ve kurtarma tekniklerini birebir sahada uygulad\u0131.<\/p>\n<p>Zorlu \u015fartlar alt\u0131nda ger\u00e7ekle\u015ftirilen e\u011fitimlerde personelin hem fiziksel hem de zihinsel dayan\u0131kl\u0131l\u0131\u011f\u0131 test edilirken, sahadaki disiplinli \u00e7al\u0131\u015fma dikkat \u00e7ekti. Senaryolar gere\u011fi ekipler, zamanla yar\u0131\u015farak g\u00fcvenlik kurallar\u0131ndan taviz vermeden g\u00f6revlerini yerine getirdi. E\u011fitimlere Acil Sivil Arama Kurtarma (ASAK) Ayd\u0131n, \u0130nisiyatif Merkezi Arama Kurtarma (\u0130MDAT), SAKUT, AFAR, Efeler Belediyesi Arama Kurtarma (EFAK) ekipleri ile G\u00f6\u00e7 \u0130daresi M\u00fcd\u00fcrl\u00fc\u011f\u00fc personeli aktif olarak kat\u0131ld\u0131. Farkl\u0131 kurumlar\u0131n ayn\u0131 enkaz alan\u0131nda birlikte \u00e7al\u0131\u015fmas\u0131, afet anlar\u0131nda h\u0131zl\u0131 ve uyumlu m\u00fcdahalenin \u00f6nemini bir kez daha ortaya koydu.<\/p>\n<p>Enkaz alan\u0131nda ger\u00e7ekle\u015ftirilen her uygulama, kriz an\u0131nda yap\u0131lacak en k\u00fc\u00e7\u00fck hatan\u0131n dahi b\u00fcy\u00fck sonu\u00e7lara yol a\u00e7abilece\u011fini g\u00f6zler \u00f6n\u00fcne serdi. E\u011fitimler sayesinde ekiplerin sahadaki refleksleri g\u00fc\u00e7lenirken, ekip ruhu ve dayan\u0131\u015fma da peki\u015ftirildi.<\/p>\n<p>AFAD Ayd\u0131n koordinasyonunda s\u00fcrd\u00fcr\u00fclen bu \u00e7al\u0131\u015fmalarla, g\u00f6n\u00fcll\u00fc ve profesyonel arama kurtarma ekiplerinin afetlere kar\u015f\u0131 sahaya daha haz\u0131r hale gelmesi hedefleniyor.<br \/><\/p>\n","protected":false},"excerpt":{"rendered":"<p>Ayd\u0131n \u0130l Afet ve Acil Durum M\u00fcd\u00fcrl\u00fc\u011f\u00fc (AFAD) koordinasyonunda d\u00fczenlenen enkazda arama ve kurtarma e\u011fitimleri, farkl\u0131 kurum ve ekiplerin kat\u0131l\u0131m\u0131yla aral\u0131ks\u0131z devam ediyor. Afetlere kar\u015f\u0131 haz\u0131rl\u0131k amac\u0131yla ger\u00e7ekle\u015ftirilen e\u011fitimlerde, arama kurtarma ekipleri ger\u00e7e\u011fi aratmayan enkaz senaryolar\u0131nda uygulamal\u0131 \u00e7al\u0131\u015fmalar yapt\u0131. Ekipler, AFAD e\u011fitmenleri e\u015fli\u011finde enkazda g\u00fcvenli hareket, kazazede tespiti, dar alanlarda \u00e7al\u0131\u015fma, ekip i\u00e7i koordinasyon ve&#8230;<\/p>\n","protected":false},"author":1,"featured_media":83808,"comment_status":"open","ping_status":"open","sticky":false,"template":"","format":"standard","meta":{"_crdt_document":"","footnotes":""},"categories":[1],"tags":[],"class_list":["post-83807","post","type-post","status-publish","format-standard","has-post-thumbnail","hentry","category-guncel"],"_links":{"self":[{"href":"https:\/\/www.egemtv.com\/index.php?rest_route=\/wp\/v2\/posts\/83807","targetHints":{"allow":["GET"]}}],"collection":[{"href":"https:\/\/www.egemtv.com\/index.php?rest_route=\/wp\/v2\/posts"}],"about":[{"href":"https:\/\/www.egemtv.com\/index.php?rest_route=\/wp\/v2\/types\/post"}],"author":[{"embeddable":true,"href":"https:\/\/www.egemtv.com\/index.php?rest_route=\/wp\/v2\/users\/1"}],"replies":[{"embeddable":true,"href":"https:\/\/www.egemtv.com\/index.php?rest_route=%2Fwp%2Fv2%2Fcomments&post=83807"}],"version-history":[{"count":1,"href":"https:\/\/www.egemtv.com\/index.php?rest_route=\/wp\/v2\/posts\/83807\/revisions"}],"predecessor-version":[{"id":83809,"href":"https:\/\/www.egemtv.com\/index.php?rest_route=\/wp\/v2\/posts\/83807\/revisions\/83809"}],"wp:featuredmedia":[{"embeddable":true,"href":"https:\/\/www.egemtv.com\/index.php?rest_route=\/wp\/v2\/media\/83808"}],"wp:attachment":[{"href":"https:\/\/www.egemtv.com\/index.php?rest_route=%2Fwp%2Fv2%2Fmedia&parent=83807"}],"wp:term":[{"taxonomy":"category","embeddable":true,"href":"https:\/\/www.egemtv.com\/index.php?rest_route=%2Fwp%2Fv2%2Fcategories&post=83807"},{"taxonomy":"post_tag","embeddable":true,"href":"https:\/\/www.egemtv.com\/index.php?rest_route=%2Fwp%2Fv2%2Ftags&post=83807"}],"curies":[{"name":"wp","href":"https:\/\/api.w.org\/{rel}","templated":true}]}}