{"id":83804,"date":"2026-01-29T10:14:57","date_gmt":"2026-01-29T07:14:57","guid":{"rendered":"https:\/\/www.egemtv.com\/?p=83804"},"modified":"2026-01-29T10:14:58","modified_gmt":"2026-01-29T07:14:58","slug":"baskan-surucu-tarihi-taskopru-yikilmasin-plastikler-denize-ulasmasin","status":"publish","type":"post","link":"https:\/\/www.egemtv.com\/?p=83804","title":{"rendered":"Ba\u015fkan S\u00fcr\u00fcc\u00fc: &#8220;Tarihi Ta\u015fk\u00f6pr\u00fc y\u0131k\u0131lmas\u0131n, plastikler denize ula\u015fmas\u0131n&#8221;"},"content":{"rendered":"<p>Ayd\u0131n\u2019\u0131n S\u00f6ke il\u00e7esindeki tarihi Ta\u015fk\u00f6pr\u00fc\u2019n\u00fcn arkas\u0131nda biriken plastik at\u0131klar, su seviyesinin y\u00fckselmesiyle hem k\u00f6pr\u00fcye bask\u0131 olu\u015fturmaya hem de Ege Denizi\u2019ne ta\u015f\u0131nmaya ba\u015flarken, EKODOSD Ba\u015fkan\u0131 Bahattin S\u00fcr\u00fcc\u00fc y\u00fczer bariyer sisteminin acilen devreye al\u0131nmas\u0131n\u0131 istedi.<\/p>\n<p>Ayd\u0131n\u2019\u0131n S\u00f6ke il\u00e7esi Sar\u0131kemer b\u00f6lgesinde bulunan ve Kemal Sunal\u2019\u0131n ba\u015frol\u00fcn\u00fc oynad\u0131\u011f\u0131 \u0130nat\u00e7\u0131 filmine de ev sahipli\u011fi yapan tarihi ta\u015f k\u00f6pr\u00fcn\u00fcn arkas\u0131ndaki \u00e7\u00f6pler ve plastikler, su seviyesinin y\u00fckselmesiyle hem k\u00f6pr\u00fcye bask\u0131y\u0131 art\u0131rmaya hem de k\u00f6pr\u00fcden a\u015fan plastikler Ege Denizi\u2019ne kar\u0131\u015fmaya ba\u015flad\u0131. Ya\u015fanan bu duruma dikkat \u00e7eken Ekosistemi Koruma ve Do\u011fa Sevenler Derne\u011fi (EKODOSD) Ba\u015fkan\u0131 Bahattin S\u00fcr\u00fcc\u00fc, y\u00fczer bariyer sisteminin aktif hale getirilmesi gerekti\u011fini vurgulad\u0131.<\/p>\n<p>Ayn\u0131 sorunlar\u0131n s\u00fcrekli ya\u015fand\u0131\u011f\u0131n\u0131 ve tarihi k\u00f6pr\u00fcn\u00fcn y\u0131k\u0131lmadan \u00f6nlem al\u0131nmas\u0131 gerekti\u011fini ifade eden EKODOSD Ba\u015fkan\u0131 Bahattin S\u00fcr\u00fcc\u00fc, &#8220;Kurak ge\u00e7en yaz aylar\u0131nda i\u00e7inde y\u00fcr\u00fcnebilen bir nehir haline gelen B\u00fcy\u00fck Menderes\u2019te ya\u011fmurlarla birlikte su seviyesi y\u00fckselmeye ba\u015flad\u0131. 584 km boyunca \u00e7e\u015fitli etkenlerle kirlenen B\u00fcy\u00fck Menderes Nehri\u2019nin en b\u00fcy\u00fck sorunlar\u0131ndan birisi de kat\u0131 at\u0131k kirlili\u011fi ve \u00e7\u00f6plerdir. Duyars\u0131z ve bilin\u00e7siz ki\u015filerin derelere, \u00e7aylara att\u0131\u011f\u0131 at\u0131k malzemeler suyla birlikte B\u00fcy\u00fck Menderes\u2019te bulu\u015fmakta ve uzun bir yolculu\u011fa \u00e7\u0131kmaktad\u0131r. Suyun \u00fczerinde y\u00fczen \u00e7\u00f6plerin ilk dura\u011f\u0131 S\u00f6ke\u2019ye ba\u011fl\u0131 Sar\u0131kemer\u2019de bulunan Tarihi Ta\u015fk\u00f6pr\u00fc olmaktad\u0131r. Bunun nedeni de y\u00fckselen sularla birlikte k\u00f6pr\u00fcn\u00fcn kemerlerinin a\u011fa\u00e7 k\u00fct\u00fckleriyle dolmas\u0131d\u0131r. Kemerlerden ge\u00e7emeyen at\u0131klar ve \u00e7\u00f6pler k\u00f6pr\u00fcn\u00fcn arkas\u0131nda birikerek geni\u015f bir \u00e7\u00f6p adas\u0131 olu\u015fturmaktad\u0131r. \u00c7al\u0131 \u00e7\u0131rp\u0131, karg\u0131 ve a\u011fa\u00e7 k\u00fct\u00fcklerinin i\u00e7i plastiklerden olu\u015fan bir \u00e7\u00f6p y\u0131\u011f\u0131n\u0131na d\u00f6n\u00fc\u015fm\u00fc\u015f durumdad\u0131r. A\u015f\u0131r\u0131 ya\u011fmurlarla birlikte seviye y\u00fckselince sular plastiklerle birlikte k\u00f6pr\u00fcn\u00fcn \u00fczerinden a\u015farak kar\u015f\u0131 tarafa ge\u00e7mektedir. At\u0131klar\u0131n bundan sonraki yolculu\u011fu Milli Park\u0131n delta b\u00f6l\u00fcm\u00fcn\u00fcn tam ortas\u0131ndan Ege Denizi\u2019nde sonlanmaktad\u0131r. Denizde mikroplasti\u011fe d\u00f6n\u00fc\u015fen at\u0131klar deniz ekosistemini olumsuz etkilemektedir. Bu plastik at\u0131klar\u0131n sulara at\u0131lmamas\u0131 en do\u011fru davran\u0131\u015ft\u0131r ancak ne yaz\u0131k ki \u00e7evre bilincinden yoksun ki\u015filer taraf\u0131ndan at\u0131lmaya devam etmektedir. Asl\u0131nda denize ula\u015fmadan engellenmesi de m\u00fcmk\u00fcnd\u00fcr. DS\u0130 etkin bir toplama sistemine sahip olmas\u0131na ra\u011fmen, \u00e7\u00f6pleri toplayacak y\u00fczer bariyerlerini su k\u0131y\u0131s\u0131nda at\u0131l vaziyette tutmaktad\u0131r. Asl\u0131nda kurumlar\u0131n birlikte i\u015fbirli\u011fi yaparak \u00e7\u00f6zebilecekleri bir konuyu kimse sahiplenmemektedir. \u0130lgisizlikten dolay\u0131 da Ta\u015fk\u00f6pr\u00fc\u2019de bu \u00e7evre felaketi her y\u0131l ya\u015fanmaktad\u0131r. Plastik at\u0131klar\u0131n haricinde \u00f6l\u00fc hayvanlar\u0131n le\u015fleri de suya at\u0131larak halk sa\u011fl\u0131\u011f\u0131n\u0131 tehdit etmektedir. \u00c7evre \u015eehircilik ve \u0130klim De\u011fi\u015fikli\u011fi \u0130l M\u00fcd\u00fcrl\u00fc\u011f\u00fc her y\u0131l komisyon \u00fcyeleriyle birlikte Deniz \u00c7\u00f6pleri \u0130l Eylem Planlar\u0131n\u0131n Haz\u0131rlanmas\u0131 ve Uygulanmas\u0131 toplant\u0131lar\u0131 yapmaktad\u0131r. Asl\u0131nda bu toplant\u0131lardan birinin, denizi kirleten at\u0131klar\u0131n topland\u0131\u011f\u0131 Ta\u015fk\u00f6pr\u00fc\u2019de yap\u0131lmas\u0131n\u0131n sorunlar\u0131n \u00e7\u00f6z\u00fclmesine daha \u00e7ok yarar getirece\u011fini d\u00fc\u015f\u00fcn\u00fcyoruz. Tescilli Tarihi Ta\u015fk\u00f6pr\u00fc y\u0131k\u0131lmadan, plastik at\u0131klar denize ula\u015fmadan y\u00fczer bariyer sisteminin bir an \u00f6nce tak\u0131lmas\u0131n\u0131 talep ediyoruz&#8221; dedi.<br \/><\/p>\n","protected":false},"excerpt":{"rendered":"<p>Ayd\u0131n\u2019\u0131n S\u00f6ke il\u00e7esindeki tarihi Ta\u015fk\u00f6pr\u00fc\u2019n\u00fcn arkas\u0131nda biriken plastik at\u0131klar, su seviyesinin y\u00fckselmesiyle hem k\u00f6pr\u00fcye bask\u0131 olu\u015fturmaya hem de Ege Denizi\u2019ne ta\u015f\u0131nmaya ba\u015flarken, EKODOSD Ba\u015fkan\u0131 Bahattin S\u00fcr\u00fcc\u00fc y\u00fczer bariyer sisteminin acilen devreye al\u0131nmas\u0131n\u0131 istedi. Ayd\u0131n\u2019\u0131n S\u00f6ke il\u00e7esi Sar\u0131kemer b\u00f6lgesinde bulunan ve Kemal Sunal\u2019\u0131n ba\u015frol\u00fcn\u00fc oynad\u0131\u011f\u0131 \u0130nat\u00e7\u0131 filmine de ev sahipli\u011fi yapan tarihi ta\u015f k\u00f6pr\u00fcn\u00fcn arkas\u0131ndaki \u00e7\u00f6pler&#8230;<\/p>\n","protected":false},"author":1,"featured_media":83805,"comment_status":"open","ping_status":"open","sticky":false,"template":"","format":"standard","meta":{"_crdt_document":"","footnotes":""},"categories":[1],"tags":[],"class_list":["post-83804","post","type-post","status-publish","format-standard","has-post-thumbnail","hentry","category-guncel"],"_links":{"self":[{"href":"https:\/\/www.egemtv.com\/index.php?rest_route=\/wp\/v2\/posts\/83804","targetHints":{"allow":["GET"]}}],"collection":[{"href":"https:\/\/www.egemtv.com\/index.php?rest_route=\/wp\/v2\/posts"}],"about":[{"href":"https:\/\/www.egemtv.com\/index.php?rest_route=\/wp\/v2\/types\/post"}],"author":[{"embeddable":true,"href":"https:\/\/www.egemtv.com\/index.php?rest_route=\/wp\/v2\/users\/1"}],"replies":[{"embeddable":true,"href":"https:\/\/www.egemtv.com\/index.php?rest_route=%2Fwp%2Fv2%2Fcomments&post=83804"}],"version-history":[{"count":1,"href":"https:\/\/www.egemtv.com\/index.php?rest_route=\/wp\/v2\/posts\/83804\/revisions"}],"predecessor-version":[{"id":83806,"href":"https:\/\/www.egemtv.com\/index.php?rest_route=\/wp\/v2\/posts\/83804\/revisions\/83806"}],"wp:featuredmedia":[{"embeddable":true,"href":"https:\/\/www.egemtv.com\/index.php?rest_route=\/wp\/v2\/media\/83805"}],"wp:attachment":[{"href":"https:\/\/www.egemtv.com\/index.php?rest_route=%2Fwp%2Fv2%2Fmedia&parent=83804"}],"wp:term":[{"taxonomy":"category","embeddable":true,"href":"https:\/\/www.egemtv.com\/index.php?rest_route=%2Fwp%2Fv2%2Fcategories&post=83804"},{"taxonomy":"post_tag","embeddable":true,"href":"https:\/\/www.egemtv.com\/index.php?rest_route=%2Fwp%2Fv2%2Ftags&post=83804"}],"curies":[{"name":"wp","href":"https:\/\/api.w.org\/{rel}","templated":true}]}}