{"id":83801,"date":"2026-01-29T10:14:56","date_gmt":"2026-01-29T07:14:56","guid":{"rendered":"https:\/\/www.egemtv.com\/?p=83801"},"modified":"2026-01-29T10:14:57","modified_gmt":"2026-01-29T07:14:57","slug":"bir-yilda-zirai-dondan-etkilenen-ureticilere-54-milyon-tl-destek-yapildi","status":"publish","type":"post","link":"https:\/\/www.egemtv.com\/?p=83801","title":{"rendered":"Bir y\u0131lda zirai dondan etkilenen \u00fcreticilere 54 milyon TL destek yap\u0131ld\u0131"},"content":{"rendered":"<p>\u00d6nemli tar\u0131m kentlerinden olan Ayd\u0131n\u2019da 2025 y\u0131l\u0131 boyunca y\u00fcr\u00fct\u00fclen \u00e7al\u0131\u015fmalar kapsam\u0131nda don olaylar\u0131ndan etkilenen bin 322 \u00fcreticiye 54 milyon 524 bin TL \u00f6deme yap\u0131ld\u0131.<\/p>\n<p>Ayd\u0131n \u0130l Tar\u0131m ve Orman M\u00fcd\u00fcrl\u00fc\u011f\u00fc Koordinasyon ve Tar\u0131msal Veriler \u015eube M\u00fcd\u00fcrl\u00fc\u011f\u00fc, \u00fcretimde verimlili\u011fi ve s\u00fcrd\u00fcr\u00fclebilirli\u011fi art\u0131rmak amac\u0131yla 2025 y\u0131l\u0131 boyunca ger\u00e7ekle\u015ftirdi\u011fi saha \u00e7al\u0131\u015fmalar\u0131 kapsam\u0131nda Ayd\u0131n genelinde bin 644 \u00e7ift\u00e7i toplant\u0131s\u0131, 11 teknik gezi, 7 kurs, 5 demonstrasyon ve 1 tarla g\u00fcn\u00fc ger\u00e7ekle\u015ftirdi. \u00c7al\u0131\u015fmalar kapsam\u0131nda ayr\u0131ca toplam 34 bin 70 \u00fcreticiye do\u011frudan bilgilendirme ve e\u011fitim deste\u011fi sunuldu. Tar\u0131msal Yay\u0131m ve Dan\u0131\u015fmanl\u0131k Hizmetleri \u00e7er\u00e7evesinde ise 10 kurulu\u015fta g\u00f6rev yapan 13 tar\u0131m dan\u0131\u015fman\u0131 arac\u0131l\u0131\u011f\u0131yla 640 i\u015fletmeye hizmet verildi. Bu kapsamda \u00fcreticilere toplam 3 milyon 822 bin TL destekleme \u00f6demesi yap\u0131ld\u0131.<\/p>\n<p>\u00c7iftlik Muhasebe Veri A\u011f\u0131 \u00e7al\u0131\u015fmalar\u0131 kapsam\u0131nda ise 85 \u00fcreticiye toplam 127 bin 500 TL destek sa\u011flan\u0131rken, zirai don olaylar\u0131ndan zarar g\u00f6ren \u00fcreticiler de unutulmad\u0131. Don zararlar\u0131 sonras\u0131 bin 322 \u00fcreticinin 10 bin 511 dekar alandaki \u00fcretimi i\u00e7in toplam 54 milyon 524 bin 81 TL \u00f6deme ger\u00e7ekle\u015ftirildi. \u00d6te yandan tar\u0131msal kurakl\u0131kla m\u00fccadele kapsam\u0131nda meteorolojik veriler ve mevcut su kaynaklar\u0131 dikkate al\u0131narak Tar\u0131msal Kurakl\u0131k \u0130l Kriz Merkezi taraf\u0131ndan al\u0131nan kararlar \u00fcreticilere d\u00fczenli olarak duyuruldu.<br \/><\/p>\n","protected":false},"excerpt":{"rendered":"<p>\u00d6nemli tar\u0131m kentlerinden olan Ayd\u0131n\u2019da 2025 y\u0131l\u0131 boyunca y\u00fcr\u00fct\u00fclen \u00e7al\u0131\u015fmalar kapsam\u0131nda don olaylar\u0131ndan etkilenen bin 322 \u00fcreticiye 54 milyon 524 bin TL \u00f6deme yap\u0131ld\u0131. Ayd\u0131n \u0130l Tar\u0131m ve Orman M\u00fcd\u00fcrl\u00fc\u011f\u00fc Koordinasyon ve Tar\u0131msal Veriler \u015eube M\u00fcd\u00fcrl\u00fc\u011f\u00fc, \u00fcretimde verimlili\u011fi ve s\u00fcrd\u00fcr\u00fclebilirli\u011fi art\u0131rmak amac\u0131yla 2025 y\u0131l\u0131 boyunca ger\u00e7ekle\u015ftirdi\u011fi saha \u00e7al\u0131\u015fmalar\u0131 kapsam\u0131nda Ayd\u0131n genelinde bin 644 \u00e7ift\u00e7i toplant\u0131s\u0131,&#8230;<\/p>\n","protected":false},"author":1,"featured_media":83802,"comment_status":"open","ping_status":"open","sticky":false,"template":"","format":"standard","meta":{"_crdt_document":"","footnotes":""},"categories":[125],"tags":[],"class_list":["post-83801","post","type-post","status-publish","format-standard","has-post-thumbnail","hentry","category-ekonomi"],"_links":{"self":[{"href":"https:\/\/www.egemtv.com\/index.php?rest_route=\/wp\/v2\/posts\/83801","targetHints":{"allow":["GET"]}}],"collection":[{"href":"https:\/\/www.egemtv.com\/index.php?rest_route=\/wp\/v2\/posts"}],"about":[{"href":"https:\/\/www.egemtv.com\/index.php?rest_route=\/wp\/v2\/types\/post"}],"author":[{"embeddable":true,"href":"https:\/\/www.egemtv.com\/index.php?rest_route=\/wp\/v2\/users\/1"}],"replies":[{"embeddable":true,"href":"https:\/\/www.egemtv.com\/index.php?rest_route=%2Fwp%2Fv2%2Fcomments&post=83801"}],"version-history":[{"count":1,"href":"https:\/\/www.egemtv.com\/index.php?rest_route=\/wp\/v2\/posts\/83801\/revisions"}],"predecessor-version":[{"id":83803,"href":"https:\/\/www.egemtv.com\/index.php?rest_route=\/wp\/v2\/posts\/83801\/revisions\/83803"}],"wp:featuredmedia":[{"embeddable":true,"href":"https:\/\/www.egemtv.com\/index.php?rest_route=\/wp\/v2\/media\/83802"}],"wp:attachment":[{"href":"https:\/\/www.egemtv.com\/index.php?rest_route=%2Fwp%2Fv2%2Fmedia&parent=83801"}],"wp:term":[{"taxonomy":"category","embeddable":true,"href":"https:\/\/www.egemtv.com\/index.php?rest_route=%2Fwp%2Fv2%2Fcategories&post=83801"},{"taxonomy":"post_tag","embeddable":true,"href":"https:\/\/www.egemtv.com\/index.php?rest_route=%2Fwp%2Fv2%2Ftags&post=83801"}],"curies":[{"name":"wp","href":"https:\/\/api.w.org\/{rel}","templated":true}]}}