{"id":83798,"date":"2026-01-29T09:56:06","date_gmt":"2026-01-29T06:56:06","guid":{"rendered":"https:\/\/www.egemtv.com\/?p=83798"},"modified":"2026-01-29T09:56:14","modified_gmt":"2026-01-29T06:56:14","slug":"flamingoya-hayat-veren-kurtarma-operasyonu","status":"publish","type":"post","link":"https:\/\/www.egemtv.com\/?p=83798","title":{"rendered":"Flamingoya hayat veren kurtarma operasyonu"},"content":{"rendered":"<p>\u0130zmir\u2019in Bal\u00e7ova il\u00e7esindeki \u0130nciralt\u0131 Kent Orman\u0131\u2019nda v\u00fccuduna ip dolanan flamingo, \u0130zmir \u0130tfaiyesi dalg\u0131\u00e7lar\u0131n\u0131n yakla\u015f\u0131k 15 dakikal\u0131k m\u00fcdahalesiyle kurtar\u0131larak do\u011fal ya\u015fam alan\u0131na sal\u0131nd\u0131.<br \/>\n<br \/>\u0130zmir B\u00fcy\u00fck\u015fehir Belediyesi \u0130tfaiye Dairesi Ba\u015fkanl\u0131\u011f\u0131 ekipleri, do\u011fal ya\u015fam\u0131n korunmas\u0131 i\u00e7in m\u00fcdahalelerini s\u00fcrd\u00fcr\u00fcyor. Ge\u00e7ti\u011fimiz haftalarda \u0130nciralt\u0131\u2019nda aya\u011f\u0131na olta misinas\u0131 dolanan bir flamingoyu kurtaran \u0130zmir \u0130tfaiyesi, bu kez bal\u0131k\u00e7\u0131l\u0131k amac\u0131yla haz\u0131rlanm\u0131\u015f bir tuza\u011fa tak\u0131lan flamingoyu sa\u011f salim kurtard\u0131. \u0130nciralt\u0131 Kent Orman\u0131\u2019nda deniz kenar\u0131nda mahsur kalan flamingonun aya\u011f\u0131na ip doland\u0131\u011f\u0131 ihbar\u0131 \u00fczerine harekete ge\u00e7en \u0130zmir \u0130tfaiyesi Su Alt\u0131 ve Su \u00dcst\u00fc Arama Kurtarma Birimi dalg\u0131\u00e7lar\u0131, 15 dakikal\u0131k bir \u00e7al\u0131\u015fma ile flamingonun v\u00fccuduna dolanan ipleri g\u00fcvenli bir \u015fekilde \u00e7\u0131kard\u0131. \u0130lk kontrollerde sa\u011fl\u0131k durumu iyi oldu\u011fu belirlenen flamingo, tekrar do\u011fas\u0131na b\u0131rak\u0131ld\u0131. \u0130zmir \u0130tfaiyesi yetkilileri, do\u011fay\u0131, \u00e7evreyi ve yaban hayat\u0131n\u0131 koruma \u00e7al\u0131\u015fmalar\u0131n\u0131 s\u00fcrd\u00fcr\u00fcyor. Yurtta\u015flara, bal\u0131k\u00e7\u0131l\u0131k sonras\u0131 misina ve benzeri at\u0131klar\u0131 do\u011faya b\u0131rakmamalar\u0131, \u00e7evreye kar\u015f\u0131 duyarl\u0131 olmalar\u0131 \u00e7a\u011fr\u0131s\u0131nda bulunuldu.<br \/><\/p>\n","protected":false},"excerpt":{"rendered":"<p>\u0130zmir\u2019in Bal\u00e7ova il\u00e7esindeki \u0130nciralt\u0131 Kent Orman\u0131\u2019nda v\u00fccuduna ip dolanan flamingo, \u0130zmir \u0130tfaiyesi dalg\u0131\u00e7lar\u0131n\u0131n yakla\u015f\u0131k 15 dakikal\u0131k m\u00fcdahalesiyle kurtar\u0131larak do\u011fal ya\u015fam alan\u0131na sal\u0131nd\u0131. \u0130zmir B\u00fcy\u00fck\u015fehir Belediyesi \u0130tfaiye Dairesi Ba\u015fkanl\u0131\u011f\u0131 ekipleri, do\u011fal ya\u015fam\u0131n korunmas\u0131 i\u00e7in m\u00fcdahalelerini s\u00fcrd\u00fcr\u00fcyor. Ge\u00e7ti\u011fimiz haftalarda \u0130nciralt\u0131\u2019nda aya\u011f\u0131na olta misinas\u0131 dolanan bir flamingoyu kurtaran \u0130zmir \u0130tfaiyesi, bu kez bal\u0131k\u00e7\u0131l\u0131k amac\u0131yla haz\u0131rlanm\u0131\u015f bir tuza\u011fa tak\u0131lan&#8230;<\/p>\n","protected":false},"author":1,"featured_media":83799,"comment_status":"open","ping_status":"open","sticky":false,"template":"","format":"standard","meta":{"_crdt_document":"","footnotes":""},"categories":[1],"tags":[],"class_list":["post-83798","post","type-post","status-publish","format-standard","has-post-thumbnail","hentry","category-guncel"],"_links":{"self":[{"href":"https:\/\/www.egemtv.com\/index.php?rest_route=\/wp\/v2\/posts\/83798","targetHints":{"allow":["GET"]}}],"collection":[{"href":"https:\/\/www.egemtv.com\/index.php?rest_route=\/wp\/v2\/posts"}],"about":[{"href":"https:\/\/www.egemtv.com\/index.php?rest_route=\/wp\/v2\/types\/post"}],"author":[{"embeddable":true,"href":"https:\/\/www.egemtv.com\/index.php?rest_route=\/wp\/v2\/users\/1"}],"replies":[{"embeddable":true,"href":"https:\/\/www.egemtv.com\/index.php?rest_route=%2Fwp%2Fv2%2Fcomments&post=83798"}],"version-history":[{"count":1,"href":"https:\/\/www.egemtv.com\/index.php?rest_route=\/wp\/v2\/posts\/83798\/revisions"}],"predecessor-version":[{"id":83800,"href":"https:\/\/www.egemtv.com\/index.php?rest_route=\/wp\/v2\/posts\/83798\/revisions\/83800"}],"wp:featuredmedia":[{"embeddable":true,"href":"https:\/\/www.egemtv.com\/index.php?rest_route=\/wp\/v2\/media\/83799"}],"wp:attachment":[{"href":"https:\/\/www.egemtv.com\/index.php?rest_route=%2Fwp%2Fv2%2Fmedia&parent=83798"}],"wp:term":[{"taxonomy":"category","embeddable":true,"href":"https:\/\/www.egemtv.com\/index.php?rest_route=%2Fwp%2Fv2%2Fcategories&post=83798"},{"taxonomy":"post_tag","embeddable":true,"href":"https:\/\/www.egemtv.com\/index.php?rest_route=%2Fwp%2Fv2%2Ftags&post=83798"}],"curies":[{"name":"wp","href":"https:\/\/api.w.org\/{rel}","templated":true}]}}