{"id":83795,"date":"2026-01-29T09:56:01","date_gmt":"2026-01-29T06:56:01","guid":{"rendered":"https:\/\/www.egemtv.com\/?p=83795"},"modified":"2026-01-29T09:56:05","modified_gmt":"2026-01-29T06:56:05","slug":"datcada-ureticilere-badem-hastalik-ve-zararlari-egitimi-verildi","status":"publish","type":"post","link":"https:\/\/www.egemtv.com\/?p=83795","title":{"rendered":"Dat\u00e7a\u2019da \u00fcreticilere \u2019badem hastal\u0131k ve zararlar\u0131\u2019 e\u011fitimi verildi"},"content":{"rendered":"<p>Mu\u011fla\u2019n\u0131n Dat\u00e7a il\u00e7esine ba\u011fl\u0131 \u00c7e\u015fme Mahallesi\u2019nde badem \u00fcretimi yapan \u00e7ift\u00e7ilere y\u00f6nelik &#8220;Badem Hastal\u0131k ve Zararl\u0131lar\u0131&#8221; konulu \u00c7ift\u00e7i Tarla Okulu E\u011fitim Toplant\u0131s\u0131 ger\u00e7ekle\u015ftirildi.<\/p>\n<p>Dat\u00e7a \u0130l\u00e7e Tar\u0131m ve Orman M\u00fcd\u00fcrl\u00fc\u011f\u00fc ile Mu\u011fla \u0130l Tar\u0131m ve Orman M\u00fcd\u00fcrl\u00fc\u011f\u00fc i\u015f birli\u011finde d\u00fczenlenen e\u011fitimde, Bornova Zirai M\u00fccadele Ara\u015ft\u0131rma Enstit\u00fcs\u00fc M\u00fcd\u00fcrl\u00fc\u011f\u00fc\u2019nde g\u00f6revli uzmanlar \u00fcreticilerle bir araya geldi.<\/p>\n<p>E\u011fitimde, badem \u00fcretiminde sahada kar\u015f\u0131la\u015f\u0131lan hastal\u0131k ve zararl\u0131lar hakk\u0131nda uygulamaya y\u00f6nelik bilgiler payla\u015f\u0131ld\u0131. Program kapsam\u0131nda uzmanlar taraf\u0131ndan, badem yeti\u015ftiricili\u011finde yayg\u0131n olarak g\u00f6r\u00fclen hastal\u0131k ve zararl\u0131 t\u00fcrleri, bu etmenlerin verim \u00fczerindeki olumsuz etkileri ile m\u00fccadele y\u00f6ntemleri detayl\u0131 \u015fekilde anlat\u0131ld\u0131. Do\u011fru zamanlama ve uygun y\u00f6ntemlerle yap\u0131lan m\u00fccadelenin hem \u00fcr\u00fcn kalitesini y\u00fckseltti\u011fi hem de \u00fcreticilerin ekonomik kay\u0131plar\u0131n\u0131 azaltt\u0131\u011f\u0131 ifade edildi.<br \/><\/p>\n","protected":false},"excerpt":{"rendered":"<p>Mu\u011fla\u2019n\u0131n Dat\u00e7a il\u00e7esine ba\u011fl\u0131 \u00c7e\u015fme Mahallesi\u2019nde badem \u00fcretimi yapan \u00e7ift\u00e7ilere y\u00f6nelik &#8220;Badem Hastal\u0131k ve Zararl\u0131lar\u0131&#8221; konulu \u00c7ift\u00e7i Tarla Okulu E\u011fitim Toplant\u0131s\u0131 ger\u00e7ekle\u015ftirildi. Dat\u00e7a \u0130l\u00e7e Tar\u0131m ve Orman M\u00fcd\u00fcrl\u00fc\u011f\u00fc ile Mu\u011fla \u0130l Tar\u0131m ve Orman M\u00fcd\u00fcrl\u00fc\u011f\u00fc i\u015f birli\u011finde d\u00fczenlenen e\u011fitimde, Bornova Zirai M\u00fccadele Ara\u015ft\u0131rma Enstit\u00fcs\u00fc M\u00fcd\u00fcrl\u00fc\u011f\u00fc\u2019nde g\u00f6revli uzmanlar \u00fcreticilerle bir araya geldi. E\u011fitimde, badem \u00fcretiminde sahada&#8230;<\/p>\n","protected":false},"author":1,"featured_media":83796,"comment_status":"open","ping_status":"open","sticky":false,"template":"","format":"standard","meta":{"_crdt_document":"","footnotes":""},"categories":[1],"tags":[],"class_list":["post-83795","post","type-post","status-publish","format-standard","has-post-thumbnail","hentry","category-guncel"],"_links":{"self":[{"href":"https:\/\/www.egemtv.com\/index.php?rest_route=\/wp\/v2\/posts\/83795","targetHints":{"allow":["GET"]}}],"collection":[{"href":"https:\/\/www.egemtv.com\/index.php?rest_route=\/wp\/v2\/posts"}],"about":[{"href":"https:\/\/www.egemtv.com\/index.php?rest_route=\/wp\/v2\/types\/post"}],"author":[{"embeddable":true,"href":"https:\/\/www.egemtv.com\/index.php?rest_route=\/wp\/v2\/users\/1"}],"replies":[{"embeddable":true,"href":"https:\/\/www.egemtv.com\/index.php?rest_route=%2Fwp%2Fv2%2Fcomments&post=83795"}],"version-history":[{"count":1,"href":"https:\/\/www.egemtv.com\/index.php?rest_route=\/wp\/v2\/posts\/83795\/revisions"}],"predecessor-version":[{"id":83797,"href":"https:\/\/www.egemtv.com\/index.php?rest_route=\/wp\/v2\/posts\/83795\/revisions\/83797"}],"wp:featuredmedia":[{"embeddable":true,"href":"https:\/\/www.egemtv.com\/index.php?rest_route=\/wp\/v2\/media\/83796"}],"wp:attachment":[{"href":"https:\/\/www.egemtv.com\/index.php?rest_route=%2Fwp%2Fv2%2Fmedia&parent=83795"}],"wp:term":[{"taxonomy":"category","embeddable":true,"href":"https:\/\/www.egemtv.com\/index.php?rest_route=%2Fwp%2Fv2%2Fcategories&post=83795"},{"taxonomy":"post_tag","embeddable":true,"href":"https:\/\/www.egemtv.com\/index.php?rest_route=%2Fwp%2Fv2%2Ftags&post=83795"}],"curies":[{"name":"wp","href":"https:\/\/api.w.org\/{rel}","templated":true}]}}