{"id":83792,"date":"2026-01-29T09:55:57","date_gmt":"2026-01-29T06:55:57","guid":{"rendered":"https:\/\/www.egemtv.com\/?p=83792"},"modified":"2026-01-29T09:56:00","modified_gmt":"2026-01-29T06:56:00","slug":"karacasuda-ticari-arac-alevlere-teslim-oldu","status":"publish","type":"post","link":"https:\/\/www.egemtv.com\/?p=83792","title":{"rendered":"Karacasu\u2019da ticari ara\u00e7 alevlere teslim oldu"},"content":{"rendered":"<p>Ayd\u0131n\u2019\u0131n Karacasu il\u00e7esinde seyir halindeki bir ticari ara\u00e7ta \u00e7\u0131kan yang\u0131n  arac\u0131 metal y\u0131\u011f\u0131n\u0131na \u00e7evirdi.<\/p>\n<p>Yang\u0131n, Dandalas Mevkii\u2019ndeki bir restoran\u0131n yak\u0131nlar\u0131nda gece saatlerinde meydana geldi. Edinilen bilgiye g\u00f6re, seyir halindeki bir ticari ara\u00e7ta hen\u00fcz bilinmeyen bir nedenle yang\u0131n \u00e7\u0131kt\u0131. Dumanlar\u0131n y\u00fckseldi\u011fini fark eden s\u00fcr\u00fcc\u00fc arac\u0131 durdurarak durumu 112 Acil \u00c7a\u011fr\u0131 Merkezi\u2019ne bildirdi. \u0130hbar \u00fczerine b\u00f6lgeye itfaiye ve jandarma ekipleri sevk edildi. K\u0131sa s\u00fcrede olay yerine gelen Ayd\u0131n B\u00fcy\u00fck\u015fehir Belediyesi \u0130tfaiye Daire Ba\u015fkanl\u0131\u011f\u0131 ekipleri h\u0131zla b\u00fcy\u00fcyen ve t\u00fcm arac\u0131 saran alevlere m\u00fcdahale etti. \u0130tfaiye ekiplerinin yo\u011fun \u00e7al\u0131\u015fmalar\u0131 sonucu yang\u0131n kontrol alt\u0131na al\u0131n\u0131rken, tamamen yanarak kullan\u0131lamaz hale gelen ara\u00e7 metal y\u0131\u011f\u0131n\u0131na d\u00f6nd\u00fc. Ekipler yang\u0131n\u0131n \u00e7\u0131k\u0131\u015f nedeninin belirlenebilmesi i\u00e7in \u00e7al\u0131\u015fma ba\u015flatt\u0131.<\/p>\n<p>Olayla ilgili soru\u015fturma s\u00fcr\u00fcyor.<br \/><\/p>\n","protected":false},"excerpt":{"rendered":"<p>Ayd\u0131n\u2019\u0131n Karacasu il\u00e7esinde seyir halindeki bir ticari ara\u00e7ta \u00e7\u0131kan yang\u0131n arac\u0131 metal y\u0131\u011f\u0131n\u0131na \u00e7evirdi. Yang\u0131n, Dandalas Mevkii\u2019ndeki bir restoran\u0131n yak\u0131nlar\u0131nda gece saatlerinde meydana geldi. Edinilen bilgiye g\u00f6re, seyir halindeki bir ticari ara\u00e7ta hen\u00fcz bilinmeyen bir nedenle yang\u0131n \u00e7\u0131kt\u0131. Dumanlar\u0131n y\u00fckseldi\u011fini fark eden s\u00fcr\u00fcc\u00fc arac\u0131 durdurarak durumu 112 Acil \u00c7a\u011fr\u0131 Merkezi\u2019ne bildirdi. \u0130hbar \u00fczerine b\u00f6lgeye itfaiye&#8230;<\/p>\n","protected":false},"author":1,"featured_media":83793,"comment_status":"open","ping_status":"open","sticky":false,"template":"","format":"standard","meta":{"_crdt_document":"","footnotes":""},"categories":[5],"tags":[],"class_list":["post-83792","post","type-post","status-publish","format-standard","has-post-thumbnail","hentry","category-asayis"],"_links":{"self":[{"href":"https:\/\/www.egemtv.com\/index.php?rest_route=\/wp\/v2\/posts\/83792","targetHints":{"allow":["GET"]}}],"collection":[{"href":"https:\/\/www.egemtv.com\/index.php?rest_route=\/wp\/v2\/posts"}],"about":[{"href":"https:\/\/www.egemtv.com\/index.php?rest_route=\/wp\/v2\/types\/post"}],"author":[{"embeddable":true,"href":"https:\/\/www.egemtv.com\/index.php?rest_route=\/wp\/v2\/users\/1"}],"replies":[{"embeddable":true,"href":"https:\/\/www.egemtv.com\/index.php?rest_route=%2Fwp%2Fv2%2Fcomments&post=83792"}],"version-history":[{"count":1,"href":"https:\/\/www.egemtv.com\/index.php?rest_route=\/wp\/v2\/posts\/83792\/revisions"}],"predecessor-version":[{"id":83794,"href":"https:\/\/www.egemtv.com\/index.php?rest_route=\/wp\/v2\/posts\/83792\/revisions\/83794"}],"wp:featuredmedia":[{"embeddable":true,"href":"https:\/\/www.egemtv.com\/index.php?rest_route=\/wp\/v2\/media\/83793"}],"wp:attachment":[{"href":"https:\/\/www.egemtv.com\/index.php?rest_route=%2Fwp%2Fv2%2Fmedia&parent=83792"}],"wp:term":[{"taxonomy":"category","embeddable":true,"href":"https:\/\/www.egemtv.com\/index.php?rest_route=%2Fwp%2Fv2%2Fcategories&post=83792"},{"taxonomy":"post_tag","embeddable":true,"href":"https:\/\/www.egemtv.com\/index.php?rest_route=%2Fwp%2Fv2%2Ftags&post=83792"}],"curies":[{"name":"wp","href":"https:\/\/api.w.org\/{rel}","templated":true}]}}