{"id":83789,"date":"2026-01-29T09:55:55","date_gmt":"2026-01-29T06:55:55","guid":{"rendered":"https:\/\/www.egemtv.com\/?p=83789"},"modified":"2026-01-29T09:55:56","modified_gmt":"2026-01-29T06:55:56","slug":"bayindirda-kurumlar-arasi-voleybol-senligi-basliyor","status":"publish","type":"post","link":"https:\/\/www.egemtv.com\/?p=83789","title":{"rendered":"Bay\u0131nd\u0131r\u2019da Kurumlar Aras\u0131 Voleybol \u015eenli\u011fi ba\u015fl\u0131yor"},"content":{"rendered":"<p>Bay\u0131nd\u0131r Gen\u00e7lik ve Spor \u0130l\u00e7e M\u00fcd\u00fcrl\u00fc\u011f\u00fc \u00f6nc\u00fcl\u00fc\u011f\u00fcnde d\u00fczenlenecek Kurumlar Aras\u0131 Voleybol \u015eenli\u011fi \u00f6ncesinde fikst\u00fcr \u00e7ekimi ger\u00e7ekle\u015ftirildi.<br \/>\n<br \/>Turnuvaya kat\u0131lacak kurum tak\u0131mlar\u0131n\u0131n temsilcilerinin kat\u0131l\u0131m\u0131yla yap\u0131lan fikst\u00fcr \u00e7ekiminde, m\u00fcsabaka e\u015fle\u015fmeleri ve turnuva program\u0131 belirlendi. Organizasyonla ilgili teknik detaylar tak\u0131m temsilcileriyle payla\u015f\u0131ld\u0131. Yetkililer, etkinli\u011fin kurumlar aras\u0131 dayan\u0131\u015fmay\u0131 g\u00fc\u00e7lendirmeyi, sporun yayg\u0131nla\u015fmas\u0131n\u0131 sa\u011flamay\u0131 ve \u00e7al\u0131\u015fanlar aras\u0131nda kayna\u015fmay\u0131 hedefledi\u011fini ifade etti. Kurumlar Aras\u0131 Voleybol \u015eenli\u011fi\u2019nin \u00f6n\u00fcm\u00fczdeki g\u00fcnlerde ba\u015flayaca\u011f\u0131 bildirildi.<br \/><\/p>\n","protected":false},"excerpt":{"rendered":"<p>Bay\u0131nd\u0131r Gen\u00e7lik ve Spor \u0130l\u00e7e M\u00fcd\u00fcrl\u00fc\u011f\u00fc \u00f6nc\u00fcl\u00fc\u011f\u00fcnde d\u00fczenlenecek Kurumlar Aras\u0131 Voleybol \u015eenli\u011fi \u00f6ncesinde fikst\u00fcr \u00e7ekimi ger\u00e7ekle\u015ftirildi. Turnuvaya kat\u0131lacak kurum tak\u0131mlar\u0131n\u0131n temsilcilerinin kat\u0131l\u0131m\u0131yla yap\u0131lan fikst\u00fcr \u00e7ekiminde, m\u00fcsabaka e\u015fle\u015fmeleri ve turnuva program\u0131 belirlendi. Organizasyonla ilgili teknik detaylar tak\u0131m temsilcileriyle payla\u015f\u0131ld\u0131. Yetkililer, etkinli\u011fin kurumlar aras\u0131 dayan\u0131\u015fmay\u0131 g\u00fc\u00e7lendirmeyi, sporun yayg\u0131nla\u015fmas\u0131n\u0131 sa\u011flamay\u0131 ve \u00e7al\u0131\u015fanlar aras\u0131nda kayna\u015fmay\u0131 hedefledi\u011fini ifade etti. Kurumlar&#8230;<\/p>\n","protected":false},"author":1,"featured_media":83790,"comment_status":"open","ping_status":"open","sticky":false,"template":"","format":"standard","meta":{"_crdt_document":"","footnotes":""},"categories":[1],"tags":[],"class_list":["post-83789","post","type-post","status-publish","format-standard","has-post-thumbnail","hentry","category-guncel"],"_links":{"self":[{"href":"https:\/\/www.egemtv.com\/index.php?rest_route=\/wp\/v2\/posts\/83789","targetHints":{"allow":["GET"]}}],"collection":[{"href":"https:\/\/www.egemtv.com\/index.php?rest_route=\/wp\/v2\/posts"}],"about":[{"href":"https:\/\/www.egemtv.com\/index.php?rest_route=\/wp\/v2\/types\/post"}],"author":[{"embeddable":true,"href":"https:\/\/www.egemtv.com\/index.php?rest_route=\/wp\/v2\/users\/1"}],"replies":[{"embeddable":true,"href":"https:\/\/www.egemtv.com\/index.php?rest_route=%2Fwp%2Fv2%2Fcomments&post=83789"}],"version-history":[{"count":1,"href":"https:\/\/www.egemtv.com\/index.php?rest_route=\/wp\/v2\/posts\/83789\/revisions"}],"predecessor-version":[{"id":83791,"href":"https:\/\/www.egemtv.com\/index.php?rest_route=\/wp\/v2\/posts\/83789\/revisions\/83791"}],"wp:featuredmedia":[{"embeddable":true,"href":"https:\/\/www.egemtv.com\/index.php?rest_route=\/wp\/v2\/media\/83790"}],"wp:attachment":[{"href":"https:\/\/www.egemtv.com\/index.php?rest_route=%2Fwp%2Fv2%2Fmedia&parent=83789"}],"wp:term":[{"taxonomy":"category","embeddable":true,"href":"https:\/\/www.egemtv.com\/index.php?rest_route=%2Fwp%2Fv2%2Fcategories&post=83789"},{"taxonomy":"post_tag","embeddable":true,"href":"https:\/\/www.egemtv.com\/index.php?rest_route=%2Fwp%2Fv2%2Ftags&post=83789"}],"curies":[{"name":"wp","href":"https:\/\/api.w.org\/{rel}","templated":true}]}}