{"id":83786,"date":"2026-01-29T09:55:53","date_gmt":"2026-01-29T06:55:53","guid":{"rendered":"https:\/\/www.egemtv.com\/?p=83786"},"modified":"2026-01-29T09:55:54","modified_gmt":"2026-01-29T06:55:54","slug":"koseden-kadin-cinayetlerine-dikkat-ceken-aciklama","status":"publish","type":"post","link":"https:\/\/www.egemtv.com\/?p=83786","title":{"rendered":"K\u00f6se\u2019den kad\u0131n cinayetlerine dikkat \u00e7eken a\u00e7\u0131klama"},"content":{"rendered":"<p>D\u00fc\u015f\u00fcnce Rotas\u0131 Derne\u011fi Genel Ba\u015fkan\u0131 Fatih K\u00f6se, kad\u0131n cinayetlerine ili\u015fkin yapt\u0131\u011f\u0131 a\u00e7\u0131klamada, toplum olarak ciddi bir ileti\u015fim ve empati krizi ya\u015fand\u0131\u011f\u0131n\u0131 belirterek, &#8220;D\u00fc\u015f\u00fcnm\u00fcyoruz, d\u00fc\u015f\u00fcnmeden konu\u015fuyoruz. Kar\u015f\u0131m\u0131zdakini anlam\u0131yoruz. Bir kaosun, bir g\u00fcr\u00fclt\u00fcn\u00fcn i\u00e7indeyiz ve maalesef birbirimizin sesini duyam\u0131yoruz&#8221; dedi.<br \/>\n<br \/>Kad\u0131n cinayetlerinin yaln\u0131zca adli bir vaka olarak ele al\u0131namayaca\u011f\u0131n\u0131 vurgulayan K\u00f6se, meselenin toplumsal ve k\u00fclt\u00fcrel bir \u00e7\u00f6k\u00fc\u015f\u00fcn g\u00f6stergesi oldu\u011funu ifade etti. K\u00f6se, &#8220;Kad\u0131na y\u00f6nelik \u015fiddet ve cinayetler, bir anl\u0131k \u00f6fkenin de\u011fil; y\u0131llar boyunca biriken sevgisizlik, tahamm\u00fcls\u00fczl\u00fck ve anlay\u0131\u015fs\u0131zl\u0131\u011f\u0131n sonucudur. \u0130nsanlar konu\u015fuyor ama dinlemiyor, g\u00f6r\u00fcyor ama anlam\u0131yor&#8221; diye konu\u015ftu.<br \/>\n<br \/>Toplumda empati duygusunun giderek zay\u0131flad\u0131\u011f\u0131n\u0131 ifade eden K\u00f6se, \u015funlar\u0131 s\u00f6yledi: &#8220;Her birey kendi sesini duyurma derdinde. G\u00fcr\u00fclt\u00fc artt\u0131k\u00e7a vicdanlar susuyor. Kad\u0131n cinayetlerini \u00f6nlemek istiyorsak \u00f6nce birbirimizi ger\u00e7ekten dinlemeyi \u00f6\u011frenmeliyiz. E\u011fitimden aile yap\u0131s\u0131na, medyadan sosyal hayata kadar her alanda ciddi bir y\u00fczle\u015fmeye ihtiyac\u0131m\u0131z var.&#8221;<br \/>\n<br \/>D\u00fc\u015f\u00fcnce Rotas\u0131 Derne\u011fi olarak fark\u0131ndal\u0131k \u00e7al\u0131\u015fmalar\u0131n\u0131 s\u00fcrd\u00fcreceklerini belirten K\u00f6se, yetkililere ve topluma \u00e7a\u011fr\u0131da bulunarak, &#8220;Bu mesele sadece kad\u0131nlar\u0131n de\u011fil, hepimizin meselesidir. Sessiz kalmak, su\u00e7a ortak olmakt\u0131r. Daha adil, daha anlay\u0131\u015fl\u0131 ve daha vicdanl\u0131 bir toplum i\u00e7in hep birlikte sorumluluk almal\u0131y\u0131z&#8221; ifadelerini kulland\u0131.<br \/><\/p>\n","protected":false},"excerpt":{"rendered":"<p>D\u00fc\u015f\u00fcnce Rotas\u0131 Derne\u011fi Genel Ba\u015fkan\u0131 Fatih K\u00f6se, kad\u0131n cinayetlerine ili\u015fkin yapt\u0131\u011f\u0131 a\u00e7\u0131klamada, toplum olarak ciddi bir ileti\u015fim ve empati krizi ya\u015fand\u0131\u011f\u0131n\u0131 belirterek, &#8220;D\u00fc\u015f\u00fcnm\u00fcyoruz, d\u00fc\u015f\u00fcnmeden konu\u015fuyoruz. Kar\u015f\u0131m\u0131zdakini anlam\u0131yoruz. Bir kaosun, bir g\u00fcr\u00fclt\u00fcn\u00fcn i\u00e7indeyiz ve maalesef birbirimizin sesini duyam\u0131yoruz&#8221; dedi. Kad\u0131n cinayetlerinin yaln\u0131zca adli bir vaka olarak ele al\u0131namayaca\u011f\u0131n\u0131 vurgulayan K\u00f6se, meselenin toplumsal ve k\u00fclt\u00fcrel bir \u00e7\u00f6k\u00fc\u015f\u00fcn&#8230;<\/p>\n","protected":false},"author":1,"featured_media":83787,"comment_status":"open","ping_status":"open","sticky":false,"template":"","format":"standard","meta":{"_crdt_document":"","footnotes":""},"categories":[123],"tags":[],"class_list":["post-83786","post","type-post","status-publish","format-standard","has-post-thumbnail","hentry","category-gundem"],"_links":{"self":[{"href":"https:\/\/www.egemtv.com\/index.php?rest_route=\/wp\/v2\/posts\/83786","targetHints":{"allow":["GET"]}}],"collection":[{"href":"https:\/\/www.egemtv.com\/index.php?rest_route=\/wp\/v2\/posts"}],"about":[{"href":"https:\/\/www.egemtv.com\/index.php?rest_route=\/wp\/v2\/types\/post"}],"author":[{"embeddable":true,"href":"https:\/\/www.egemtv.com\/index.php?rest_route=\/wp\/v2\/users\/1"}],"replies":[{"embeddable":true,"href":"https:\/\/www.egemtv.com\/index.php?rest_route=%2Fwp%2Fv2%2Fcomments&post=83786"}],"version-history":[{"count":1,"href":"https:\/\/www.egemtv.com\/index.php?rest_route=\/wp\/v2\/posts\/83786\/revisions"}],"predecessor-version":[{"id":83788,"href":"https:\/\/www.egemtv.com\/index.php?rest_route=\/wp\/v2\/posts\/83786\/revisions\/83788"}],"wp:featuredmedia":[{"embeddable":true,"href":"https:\/\/www.egemtv.com\/index.php?rest_route=\/wp\/v2\/media\/83787"}],"wp:attachment":[{"href":"https:\/\/www.egemtv.com\/index.php?rest_route=%2Fwp%2Fv2%2Fmedia&parent=83786"}],"wp:term":[{"taxonomy":"category","embeddable":true,"href":"https:\/\/www.egemtv.com\/index.php?rest_route=%2Fwp%2Fv2%2Fcategories&post=83786"},{"taxonomy":"post_tag","embeddable":true,"href":"https:\/\/www.egemtv.com\/index.php?rest_route=%2Fwp%2Fv2%2Ftags&post=83786"}],"curies":[{"name":"wp","href":"https:\/\/api.w.org\/{rel}","templated":true}]}}