{"id":83783,"date":"2026-01-29T09:55:50","date_gmt":"2026-01-29T06:55:50","guid":{"rendered":"https:\/\/www.egemtv.com\/?p=83783"},"modified":"2026-01-29T09:55:52","modified_gmt":"2026-01-29T06:55:52","slug":"mentesede-tarim-arazileri-icin-ekipler-sahaya-indi","status":"publish","type":"post","link":"https:\/\/www.egemtv.com\/?p=83783","title":{"rendered":"Mente\u015fe\u2019de tar\u0131m arazileri i\u00e7in ekipler sahaya indi"},"content":{"rendered":"<p>Mu\u011fla\u2019n\u0131n Mente\u015fe il\u00e7esinde, son d\u00f6nemde ya\u015fanan ya\u011f\u0131\u015flar\u0131n ard\u0131ndan muhtemel tar\u0131msal kay\u0131plar\u0131n \u00f6n\u00fcne ge\u00e7mek amac\u0131yla \u0130l\u00e7e Tar\u0131m ve Orman M\u00fcd\u00fcrl\u00fc\u011f\u00fc ekipleri taraf\u0131ndan kapsaml\u0131 bir saha incelemesi ba\u015flat\u0131ld\u0131.<\/p>\n<p>Mente\u015fe \u0130l\u00e7e Tar\u0131m ve Orman M\u00fcd\u00fcrl\u00fc\u011f\u00fc\u2019nden yap\u0131lan a\u00e7\u0131klamaya g\u00f6re; il\u00e7e s\u0131n\u0131rlar\u0131 i\u00e7erisinde yer alan tar\u0131msal parsellerde dolu, sel ve su birikintilerinin yol a\u00e7abilece\u011fi olumsuz etkileri tespit etmek amac\u0131yla teknik incelemeler ger\u00e7ekle\u015ftirildi.\u00c7al\u0131\u015fmalar kapsam\u0131nda \u00f6zellikle drenaj ve su bask\u0131n\u0131 riski ta\u015f\u0131yan; D\u00fc\u011ferek, Ortak\u00f6y, Karaba\u011flar, Ye\u015filyurt ve Kafaca mahalleleri ba\u015fta olmak \u00fczere pek \u00e7ok noktada tar\u0131m parselleri referans al\u0131narak yerinde g\u00f6zlemler yap\u0131ld\u0131.<\/p>\n<p>Ekipler, sadece fiziksel incelemeyle yetinmeyerek mahalle muhtarlar\u0131yla da do\u011frudan ileti\u015fime ge\u00e7ti. \u00dcreticilerin durumu hakk\u0131nda g\u00fcncel bilgiler al\u0131n\u0131rken, muhtemel bir ma\u011fduriyet durumunda h\u0131zl\u0131 m\u00fcdahale edilebilmesi i\u00e7in koordinasyon kanallar\u0131n\u0131n a\u00e7\u0131k tutuldu\u011fu belirtildi.<\/p>\n<p>Mente\u015fe il\u00e7e Tar\u0131m ve Orman M\u00fcd\u00fcrl\u00fc\u011f\u00fcnden yap\u0131lan a\u00e7\u0131klamaya g\u00f6re &#8220;\u0130l\u00e7emizdeki tar\u0131msal \u00fcretimin s\u00fcreklili\u011fini sa\u011flamak ve \u00e7ift\u00e7ilerimizin emeklerini korumak ad\u0131na, iklimsel olaylar\u0131n arazilerimiz \u00fczerindeki etkilerini yak\u0131ndan takip ediyoruz. Muhtarlar\u0131m\u0131zla kurdu\u011fumuz g\u00fc\u00e7l\u00fc ileti\u015fim a\u011f\u0131 sayesinde sahadaki her geli\u015fmeden an\u0131nda haberdar oluyoruz&#8221; denildi.<\/p>\n<p>\u0130ncelemelerin sonu\u00e7lar\u0131na g\u00f6re, ihtiya\u00e7 duyulan b\u00f6lgelerde teknik destek ve bilgilendirme faaliyetlerinin devam edece\u011fi vurguland\u0131.<br \/><\/p>\n","protected":false},"excerpt":{"rendered":"<p>Mu\u011fla\u2019n\u0131n Mente\u015fe il\u00e7esinde, son d\u00f6nemde ya\u015fanan ya\u011f\u0131\u015flar\u0131n ard\u0131ndan muhtemel tar\u0131msal kay\u0131plar\u0131n \u00f6n\u00fcne ge\u00e7mek amac\u0131yla \u0130l\u00e7e Tar\u0131m ve Orman M\u00fcd\u00fcrl\u00fc\u011f\u00fc ekipleri taraf\u0131ndan kapsaml\u0131 bir saha incelemesi ba\u015flat\u0131ld\u0131. Mente\u015fe \u0130l\u00e7e Tar\u0131m ve Orman M\u00fcd\u00fcrl\u00fc\u011f\u00fc\u2019nden yap\u0131lan a\u00e7\u0131klamaya g\u00f6re; il\u00e7e s\u0131n\u0131rlar\u0131 i\u00e7erisinde yer alan tar\u0131msal parsellerde dolu, sel ve su birikintilerinin yol a\u00e7abilece\u011fi olumsuz etkileri tespit etmek amac\u0131yla teknik&#8230;<\/p>\n","protected":false},"author":1,"featured_media":83784,"comment_status":"open","ping_status":"open","sticky":false,"template":"","format":"standard","meta":{"_crdt_document":"","footnotes":""},"categories":[1],"tags":[],"class_list":["post-83783","post","type-post","status-publish","format-standard","has-post-thumbnail","hentry","category-guncel"],"_links":{"self":[{"href":"https:\/\/www.egemtv.com\/index.php?rest_route=\/wp\/v2\/posts\/83783","targetHints":{"allow":["GET"]}}],"collection":[{"href":"https:\/\/www.egemtv.com\/index.php?rest_route=\/wp\/v2\/posts"}],"about":[{"href":"https:\/\/www.egemtv.com\/index.php?rest_route=\/wp\/v2\/types\/post"}],"author":[{"embeddable":true,"href":"https:\/\/www.egemtv.com\/index.php?rest_route=\/wp\/v2\/users\/1"}],"replies":[{"embeddable":true,"href":"https:\/\/www.egemtv.com\/index.php?rest_route=%2Fwp%2Fv2%2Fcomments&post=83783"}],"version-history":[{"count":1,"href":"https:\/\/www.egemtv.com\/index.php?rest_route=\/wp\/v2\/posts\/83783\/revisions"}],"predecessor-version":[{"id":83785,"href":"https:\/\/www.egemtv.com\/index.php?rest_route=\/wp\/v2\/posts\/83783\/revisions\/83785"}],"wp:featuredmedia":[{"embeddable":true,"href":"https:\/\/www.egemtv.com\/index.php?rest_route=\/wp\/v2\/media\/83784"}],"wp:attachment":[{"href":"https:\/\/www.egemtv.com\/index.php?rest_route=%2Fwp%2Fv2%2Fmedia&parent=83783"}],"wp:term":[{"taxonomy":"category","embeddable":true,"href":"https:\/\/www.egemtv.com\/index.php?rest_route=%2Fwp%2Fv2%2Fcategories&post=83783"},{"taxonomy":"post_tag","embeddable":true,"href":"https:\/\/www.egemtv.com\/index.php?rest_route=%2Fwp%2Fv2%2Ftags&post=83783"}],"curies":[{"name":"wp","href":"https:\/\/api.w.org\/{rel}","templated":true}]}}