{"id":83780,"date":"2026-01-29T09:55:48","date_gmt":"2026-01-29T06:55:48","guid":{"rendered":"https:\/\/www.egemtv.com\/?p=83780"},"modified":"2026-01-29T09:55:50","modified_gmt":"2026-01-29T06:55:50","slug":"saglikli-sut-disleri-gelecegin-teminati","status":"publish","type":"post","link":"https:\/\/www.egemtv.com\/?p=83780","title":{"rendered":"Sa\u011fl\u0131kl\u0131 s\u00fct di\u015fleri, gelece\u011fin teminat\u0131"},"content":{"rendered":"<p>S\u00f6mestr tatilinin \u00e7ocuklar i\u00e7in sadece e\u011flence de\u011fil, a\u011f\u0131z ve di\u015f sa\u011fl\u0131\u011f\u0131 kontrolleri i\u00e7in de ka\u00e7\u0131r\u0131lmayacak bir f\u0131rsat oldu\u011funu belirten \u00c7ocuk Di\u015f Hekimi Sena \u00c7\u00f6lge\u00e7en, &#8220;A\u011fr\u0131 ba\u015flad\u0131\u011f\u0131nda tedavi s\u00fcreci \u00e7ocuk i\u00e7in daha travmatik hale gelebilir&#8221; diyerek aileleri uyard\u0131.<\/p>\n<p>Okullar\u0131n tatile girmesiyle birlikte \u00e7ocuklar\u0131n beslenme al\u0131\u015fkanl\u0131klar\u0131ndaki de\u011fi\u015fimlere dikkat \u00e7eken \u00c7ocuk Di\u015f Hekimi Sena \u00c7\u00f6lge\u00e7en, tatil d\u00f6neminde artan \u015fekerli g\u0131da t\u00fcketiminin di\u015f \u00e7\u00fcr\u00fc\u011f\u00fc riskini tetikledi\u011fini vurgulad\u0131. Ebeveynlere &#8220;vakit varken kontrol&#8221; \u00e7a\u011fr\u0131s\u0131nda bulunan \u00c7\u00f6lge\u00e7en, s\u00fcrece dair \u00f6nemli detaylar payla\u015ft\u0131.<\/p>\n<p>Pek \u00e7ok ailenin, \u00e7ocuk \u015fikayet etmedi\u011fi s\u00fcrece di\u015f hekimine gitmeyi erteledi\u011fini ifade eden Sena \u00c7\u00f6lge\u00e7en, &#8220;Di\u015f \u00e7\u00fcr\u00fckleri \u00e7o\u011fu zaman sessiz ilerler. \u2019A\u011fr\u0131s\u0131 yoksa sorun yoktur\u2019 d\u00fc\u015f\u00fcncesi b\u00fcy\u00fck bir yan\u0131lg\u0131d\u0131r. A\u011fr\u0131 ba\u015flad\u0131\u011f\u0131nda s\u00fcre\u00e7 hem daha zor hem de \u00e7ocuk i\u00e7in daha kayg\u0131 verici olabilir. Erken tespit edilen sorunlar, a\u011fr\u0131s\u0131z ve basit i\u015flemlerle \u00e7\u00f6z\u00fclerek \u00e7ocu\u011fun di\u015f hekimi korkusu ya\u015famas\u0131n\u0131n \u00f6n\u00fcne ge\u00e7er&#8221; dedi.<\/p>\n<p>Okul d\u00f6nemindeki yo\u011fun temponun randevular\u0131 aksatt\u0131\u011f\u0131n\u0131 belirten \u00c7\u00f6lge\u00e7en, s\u00f6mestr tatilinin avantajlar\u0131n\u0131 \u015fu s\u00f6zlerle anlatt\u0131:<br \/>\n<br \/>&#8220;\u00c7ocuklar okul stresi ya\u015famadan, aileler ise acele etmeden bu s\u00fcreci daha sakin y\u00f6netebilir. Tatilde yap\u0131lan kontroller genellikle a\u011fr\u0131 \u015fikayeti olmadan, sadece \u00f6nlem ama\u00e7l\u0131 ger\u00e7ekle\u015fti\u011fi i\u00e7in \u00e7ocuklarda \u2019di\u015f hekimi e\u015fittir ac\u0131\u2019 alg\u0131s\u0131 olu\u015fmaz. Bu d\u00f6nemde kurulan g\u00fcven ba\u011f\u0131, \u00e7ocu\u011fun t\u00fcm hayat\u0131 boyunca di\u015f sa\u011fl\u0131\u011f\u0131na bak\u0131\u015f a\u00e7\u0131s\u0131n\u0131 olumlu etkiler&#8221;<\/p>\n<p>Sa\u011fl\u0131kl\u0131 s\u00fct di\u015fleri, gelece\u011fin teminat\u0131<br \/>\n<br \/>S\u00fct di\u015flerinin ihmal edilmemesi gerekti\u011fini hat\u0131rlatan \u00c7\u00f6lge\u00e7en, tedavi edilmeyen \u00e7\u00fcr\u00fcklerin ileride di\u015f dizilimi bozukluklar\u0131na ve daha karma\u015f\u0131k operasyonlara yol a\u00e7abilece\u011fini belirtti. \u00c7\u00f6lge\u00e7en, &#8220;Sa\u011fl\u0131kl\u0131 s\u00fct di\u015fleri, sa\u011fl\u0131kl\u0131 daimi di\u015flerin temelidir. K\u00fc\u00e7\u00fck bir kontrol, ileride b\u00fcy\u00fck sorunlar\u0131n \u00f6n\u00fcne ge\u00e7ebilir. Tatili \u00e7ocuklar\u0131m\u0131z\u0131n sa\u011fl\u0131\u011f\u0131na yat\u0131r\u0131m yapmak i\u00e7in de\u011ferlendirmek alt\u0131n de\u011ferindedir&#8221; diyerek s\u00f6zlerini tamamlad\u0131.<br \/><\/p>\n","protected":false},"excerpt":{"rendered":"<p>S\u00f6mestr tatilinin \u00e7ocuklar i\u00e7in sadece e\u011flence de\u011fil, a\u011f\u0131z ve di\u015f sa\u011fl\u0131\u011f\u0131 kontrolleri i\u00e7in de ka\u00e7\u0131r\u0131lmayacak bir f\u0131rsat oldu\u011funu belirten \u00c7ocuk Di\u015f Hekimi Sena \u00c7\u00f6lge\u00e7en, &#8220;A\u011fr\u0131 ba\u015flad\u0131\u011f\u0131nda tedavi s\u00fcreci \u00e7ocuk i\u00e7in daha travmatik hale gelebilir&#8221; diyerek aileleri uyard\u0131. Okullar\u0131n tatile girmesiyle birlikte \u00e7ocuklar\u0131n beslenme al\u0131\u015fkanl\u0131klar\u0131ndaki de\u011fi\u015fimlere dikkat \u00e7eken \u00c7ocuk Di\u015f Hekimi Sena \u00c7\u00f6lge\u00e7en, tatil d\u00f6neminde artan&#8230;<\/p>\n","protected":false},"author":1,"featured_media":83781,"comment_status":"open","ping_status":"open","sticky":false,"template":"","format":"standard","meta":{"_crdt_document":"","footnotes":""},"categories":[2],"tags":[],"class_list":["post-83780","post","type-post","status-publish","format-standard","has-post-thumbnail","hentry","category-saglik"],"_links":{"self":[{"href":"https:\/\/www.egemtv.com\/index.php?rest_route=\/wp\/v2\/posts\/83780","targetHints":{"allow":["GET"]}}],"collection":[{"href":"https:\/\/www.egemtv.com\/index.php?rest_route=\/wp\/v2\/posts"}],"about":[{"href":"https:\/\/www.egemtv.com\/index.php?rest_route=\/wp\/v2\/types\/post"}],"author":[{"embeddable":true,"href":"https:\/\/www.egemtv.com\/index.php?rest_route=\/wp\/v2\/users\/1"}],"replies":[{"embeddable":true,"href":"https:\/\/www.egemtv.com\/index.php?rest_route=%2Fwp%2Fv2%2Fcomments&post=83780"}],"version-history":[{"count":1,"href":"https:\/\/www.egemtv.com\/index.php?rest_route=\/wp\/v2\/posts\/83780\/revisions"}],"predecessor-version":[{"id":83782,"href":"https:\/\/www.egemtv.com\/index.php?rest_route=\/wp\/v2\/posts\/83780\/revisions\/83782"}],"wp:featuredmedia":[{"embeddable":true,"href":"https:\/\/www.egemtv.com\/index.php?rest_route=\/wp\/v2\/media\/83781"}],"wp:attachment":[{"href":"https:\/\/www.egemtv.com\/index.php?rest_route=%2Fwp%2Fv2%2Fmedia&parent=83780"}],"wp:term":[{"taxonomy":"category","embeddable":true,"href":"https:\/\/www.egemtv.com\/index.php?rest_route=%2Fwp%2Fv2%2Fcategories&post=83780"},{"taxonomy":"post_tag","embeddable":true,"href":"https:\/\/www.egemtv.com\/index.php?rest_route=%2Fwp%2Fv2%2Ftags&post=83780"}],"curies":[{"name":"wp","href":"https:\/\/api.w.org\/{rel}","templated":true}]}}