{"id":83777,"date":"2026-01-29T09:55:46","date_gmt":"2026-01-29T06:55:46","guid":{"rendered":"https:\/\/www.egemtv.com\/?p=83777"},"modified":"2026-01-29T09:55:48","modified_gmt":"2026-01-29T06:55:48","slug":"selendi-ilce-toplum-sagligi-merkezine-yeni-baskan","status":"publish","type":"post","link":"https:\/\/www.egemtv.com\/?p=83777","title":{"rendered":"Selendi \u0130l\u00e7e Toplum Sa\u011fl\u0131\u011f\u0131 Merkezi\u2019ne yeni ba\u015fkan"},"content":{"rendered":"<p>Manisa\u2019n\u0131n Selendi \u0130l\u00e7e Toplum Sa\u011fl\u0131\u011f\u0131 Merkezi (TSM) Ba\u015fkanl\u0131\u011f\u0131na atanan Uzman Doktor Tu\u011fba \u015een, il\u00e7eye gelerek g\u00f6revine ba\u015flad\u0131.<br \/>\n<br \/>Ge\u00e7ti\u011fimiz g\u00fcnlerde atamas\u0131 yap\u0131lan Uzm. Dr. Tu\u011fba \u015een, Selendi\u2019de g\u00f6reve ba\u015flad\u0131. Uzm Dr. \u015een,  Toplum Sa\u011fl\u0131\u011f\u0131 Merkezi olarak vatanda\u015flara en kaliteli sa\u011fl\u0131k hizmetini ula\u015ft\u0131rmak i\u00e7in ekip arkada\u015flar\u0131yla birlikte gayret edeceklerini vurgulad\u0131. Manisa\u2019n\u0131n Saruhanl\u0131 il\u00e7esinde do\u011fan Tu\u011fba \u015een, ilk ve orta\u00f6\u011frenimini burada tamamlad\u0131. Akhisar Fen Lisesi\u2019ni bitirmesinin ard\u0131ndan 2021 y\u0131l\u0131nda Denizli Pamukkale \u00dcniversitesi T\u0131p Fak\u00fcltesi\u2019nden mezun olan \u015een, uzmanl\u0131k e\u011fitimini ise Manisa Celal Bayar \u00dcniversitesi T\u0131p Fak\u00fcltesi\u2019nde tamamlad\u0131. Selendi il\u00e7esi, \u015een\u2019in uzman doktor olarak ilk g\u00f6rev yeri oldu.<br \/><\/p>\n","protected":false},"excerpt":{"rendered":"<p>Manisa\u2019n\u0131n Selendi \u0130l\u00e7e Toplum Sa\u011fl\u0131\u011f\u0131 Merkezi (TSM) Ba\u015fkanl\u0131\u011f\u0131na atanan Uzman Doktor Tu\u011fba \u015een, il\u00e7eye gelerek g\u00f6revine ba\u015flad\u0131. Ge\u00e7ti\u011fimiz g\u00fcnlerde atamas\u0131 yap\u0131lan Uzm. Dr. Tu\u011fba \u015een, Selendi\u2019de g\u00f6reve ba\u015flad\u0131. Uzm Dr. \u015een, Toplum Sa\u011fl\u0131\u011f\u0131 Merkezi olarak vatanda\u015flara en kaliteli sa\u011fl\u0131k hizmetini ula\u015ft\u0131rmak i\u00e7in ekip arkada\u015flar\u0131yla birlikte gayret edeceklerini vurgulad\u0131. Manisa\u2019n\u0131n Saruhanl\u0131 il\u00e7esinde do\u011fan Tu\u011fba \u015een, ilk&#8230;<\/p>\n","protected":false},"author":1,"featured_media":83778,"comment_status":"open","ping_status":"open","sticky":false,"template":"","format":"standard","meta":{"_crdt_document":"","footnotes":""},"categories":[2],"tags":[],"class_list":["post-83777","post","type-post","status-publish","format-standard","has-post-thumbnail","hentry","category-saglik"],"_links":{"self":[{"href":"https:\/\/www.egemtv.com\/index.php?rest_route=\/wp\/v2\/posts\/83777","targetHints":{"allow":["GET"]}}],"collection":[{"href":"https:\/\/www.egemtv.com\/index.php?rest_route=\/wp\/v2\/posts"}],"about":[{"href":"https:\/\/www.egemtv.com\/index.php?rest_route=\/wp\/v2\/types\/post"}],"author":[{"embeddable":true,"href":"https:\/\/www.egemtv.com\/index.php?rest_route=\/wp\/v2\/users\/1"}],"replies":[{"embeddable":true,"href":"https:\/\/www.egemtv.com\/index.php?rest_route=%2Fwp%2Fv2%2Fcomments&post=83777"}],"version-history":[{"count":1,"href":"https:\/\/www.egemtv.com\/index.php?rest_route=\/wp\/v2\/posts\/83777\/revisions"}],"predecessor-version":[{"id":83779,"href":"https:\/\/www.egemtv.com\/index.php?rest_route=\/wp\/v2\/posts\/83777\/revisions\/83779"}],"wp:featuredmedia":[{"embeddable":true,"href":"https:\/\/www.egemtv.com\/index.php?rest_route=\/wp\/v2\/media\/83778"}],"wp:attachment":[{"href":"https:\/\/www.egemtv.com\/index.php?rest_route=%2Fwp%2Fv2%2Fmedia&parent=83777"}],"wp:term":[{"taxonomy":"category","embeddable":true,"href":"https:\/\/www.egemtv.com\/index.php?rest_route=%2Fwp%2Fv2%2Fcategories&post=83777"},{"taxonomy":"post_tag","embeddable":true,"href":"https:\/\/www.egemtv.com\/index.php?rest_route=%2Fwp%2Fv2%2Ftags&post=83777"}],"curies":[{"name":"wp","href":"https:\/\/api.w.org\/{rel}","templated":true}]}}