{"id":83774,"date":"2026-01-29T09:35:25","date_gmt":"2026-01-29T06:35:25","guid":{"rendered":"https:\/\/www.egemtv.com\/?p=83774"},"modified":"2026-01-29T09:35:25","modified_gmt":"2026-01-29T06:35:25","slug":"denizlide-yaniltici-sosyal-medya-paylasimina-sorusturma","status":"publish","type":"post","link":"https:\/\/www.egemtv.com\/?p=83774","title":{"rendered":"Denizli\u2019de yan\u0131lt\u0131c\u0131 sosyal medya payla\u015f\u0131m\u0131na soru\u015fturma"},"content":{"rendered":"<p>DEN\u0130ZL\u0130 (\u0130HA) \u2013 K\u00f6pe\u011fe uygulanan \u015fiddet i\u00e7eren bir videoyu Denizli\u2019de ya\u015fanm\u0131\u015f gibi sosyal medya hesab\u0131ndan payla\u015fan ki\u015fi hakk\u0131nda soru\u015fturma a\u00e7\u0131ld\u0131.<\/p>\n<p>Konuyla ilgili olarak Denizli Valili\u011finden yap\u0131lan a\u00e7\u0131klamada; &#8220;Son g\u00fcnlerde baz\u0131 sosyal medya hesaplar\u0131nda, ilimizde ya\u015fand\u0131\u011f\u0131 iddia edilen ve bir k\u00f6pe\u011fe zarar verme g\u00f6r\u00fcnt\u00fclerini i\u00e7eren payla\u015f\u0131mla ilgili \u2018Bir \u015fey olunca k\u00f6pekler su\u00e7lu oluyor\u2019 ifadeleriyle ihbar niteli\u011finde payla\u015f\u0131lan g\u00f6r\u00fcnt\u00fcler \u00fczerine kamuoyunu do\u011fru bilgilendirmek amac\u0131yla bas\u0131n a\u00e7\u0131klamas\u0131 yap\u0131lmas\u0131 gere\u011fi duyulmu\u015ftur. Payla\u015f\u0131m i\u00e7eri\u011fiyle ilgili yap\u0131lan ara\u015ft\u0131rmalarda, videoda ge\u00e7en s\u00f6z konusu g\u00f6r\u00fcnt\u00fclerin ilimiz s\u0131n\u0131rlar\u0131 i\u00e7erisinde olmad\u0131\u011f\u0131 tespit edilmi\u015ftir. Bahse konu olay\u0131n ilimiz s\u0131n\u0131rlar\u0131 i\u00e7erisinde ger\u00e7ekle\u015fti\u011fi \u015feklinde payla\u015f\u0131m yapan \u015fah\u0131sla ilgili TCK 217\/A maddesi gere\u011fince Halk\u0131 Yan\u0131lt\u0131c\u0131 Bilgiyi Alenen Yayma Su\u00e7u kapsam\u0131nda adli makamlarca soru\u015fturma ba\u015flat\u0131lm\u0131\u015ft\u0131r&#8221; denildi.<br \/><\/p>\n","protected":false},"excerpt":{"rendered":"<p>DEN\u0130ZL\u0130 (\u0130HA) \u2013 K\u00f6pe\u011fe uygulanan \u015fiddet i\u00e7eren bir videoyu Denizli\u2019de ya\u015fanm\u0131\u015f gibi sosyal medya hesab\u0131ndan payla\u015fan ki\u015fi hakk\u0131nda soru\u015fturma a\u00e7\u0131ld\u0131. Konuyla ilgili olarak Denizli Valili\u011finden yap\u0131lan a\u00e7\u0131klamada; &#8220;Son g\u00fcnlerde baz\u0131 sosyal medya hesaplar\u0131nda, ilimizde ya\u015fand\u0131\u011f\u0131 iddia edilen ve bir k\u00f6pe\u011fe zarar verme g\u00f6r\u00fcnt\u00fclerini i\u00e7eren payla\u015f\u0131mla ilgili \u2018Bir \u015fey olunca k\u00f6pekler su\u00e7lu oluyor\u2019 ifadeleriyle ihbar niteli\u011finde&#8230;<\/p>\n","protected":false},"author":1,"featured_media":83775,"comment_status":"open","ping_status":"open","sticky":false,"template":"","format":"standard","meta":{"_crdt_document":"","footnotes":""},"categories":[5],"tags":[],"class_list":["post-83774","post","type-post","status-publish","format-standard","has-post-thumbnail","hentry","category-asayis"],"_links":{"self":[{"href":"https:\/\/www.egemtv.com\/index.php?rest_route=\/wp\/v2\/posts\/83774","targetHints":{"allow":["GET"]}}],"collection":[{"href":"https:\/\/www.egemtv.com\/index.php?rest_route=\/wp\/v2\/posts"}],"about":[{"href":"https:\/\/www.egemtv.com\/index.php?rest_route=\/wp\/v2\/types\/post"}],"author":[{"embeddable":true,"href":"https:\/\/www.egemtv.com\/index.php?rest_route=\/wp\/v2\/users\/1"}],"replies":[{"embeddable":true,"href":"https:\/\/www.egemtv.com\/index.php?rest_route=%2Fwp%2Fv2%2Fcomments&post=83774"}],"version-history":[{"count":1,"href":"https:\/\/www.egemtv.com\/index.php?rest_route=\/wp\/v2\/posts\/83774\/revisions"}],"predecessor-version":[{"id":83776,"href":"https:\/\/www.egemtv.com\/index.php?rest_route=\/wp\/v2\/posts\/83774\/revisions\/83776"}],"wp:featuredmedia":[{"embeddable":true,"href":"https:\/\/www.egemtv.com\/index.php?rest_route=\/wp\/v2\/media\/83775"}],"wp:attachment":[{"href":"https:\/\/www.egemtv.com\/index.php?rest_route=%2Fwp%2Fv2%2Fmedia&parent=83774"}],"wp:term":[{"taxonomy":"category","embeddable":true,"href":"https:\/\/www.egemtv.com\/index.php?rest_route=%2Fwp%2Fv2%2Fcategories&post=83774"},{"taxonomy":"post_tag","embeddable":true,"href":"https:\/\/www.egemtv.com\/index.php?rest_route=%2Fwp%2Fv2%2Ftags&post=83774"}],"curies":[{"name":"wp","href":"https:\/\/api.w.org\/{rel}","templated":true}]}}