{"id":83771,"date":"2026-01-29T09:35:24","date_gmt":"2026-01-29T06:35:24","guid":{"rendered":"https:\/\/www.egemtv.com\/?p=83771"},"modified":"2026-01-29T09:35:25","modified_gmt":"2026-01-29T06:35:25","slug":"nazillide-anne-adaylari-bilincleniyor","status":"publish","type":"post","link":"https:\/\/www.egemtv.com\/?p=83771","title":{"rendered":"Nazilli\u2019de anne adaylar\u0131 bilin\u00e7leniyor"},"content":{"rendered":"<p>Nazilli \u0130l\u00e7e Sa\u011fl\u0131k M\u00fcd\u00fcrl\u00fc\u011f\u00fc Gebe Okulu\u2019nda gebelikten lohusal\u0131k d\u00f6nemine kadar uzanan s\u00fcre\u00e7te sa\u011fl\u0131kl\u0131 ve bilin\u00e7li annelik i\u00e7in ger\u00e7ekle\u015ftirilen e\u011fitimler aral\u0131ks\u0131z s\u00fcr\u00fcyor.<\/p>\n<p>Nazilli \u0130l\u00e7e Sa\u011fl\u0131k M\u00fcd\u00fcrl\u00fc\u011f\u00fc b\u00fcnyesinde bulunan Gebe Okulu\u2019nda, gebelere y\u00f6nelik e\u011fitim faaliyetleri devam ediyor. Merkezde g\u00f6rev yapan ebeler taraf\u0131ndan anne adaylar\u0131na, gebelikten do\u011fum sonras\u0131na kadar bir\u00e7ok \u00f6nemli ba\u015fl\u0131kta bilgilendirme yap\u0131ld\u0131. E\u011fitimler kapsam\u0131nda gebelikte annede meydana gelen fizyolojik ve psikolojik de\u011fi\u015fiklikler, gebelikte beslenme, gebelik izlemleri, t\u00fcm gebelik d\u00f6nemlerinde s\u0131k kar\u015f\u0131la\u015f\u0131lan sorunlar, do\u011fum eyleminin belirtileri, hastaneye ne zaman gidilmesi gerekti\u011fi ve do\u011fum \u00e7antas\u0131 haz\u0131rlama konular\u0131 ele al\u0131nd\u0131. Ayr\u0131ca normal do\u011fum ve evreleri, do\u011fum a\u011fr\u0131s\u0131yla ba\u015f etmede ila\u00e7s\u0131z y\u00f6ntemler, lohusal\u0131k d\u00f6neminde y\u00f6netim, yeni do\u011fan\u0131n de\u011ferlendirilmesi ve ilk bak\u0131m\u0131 hakk\u0131nda da detayl\u0131 bilgiler payla\u015f\u0131ld\u0131. Programda bunun yan\u0131 s\u0131ra, yeni do\u011fana do\u011fum sonras\u0131 hastanede uygulanan taramalar, a\u015f\u0131 ve ila\u00e7lar ile yeni do\u011fan\u0131n beslenmesi ve emzirme konular\u0131nda da anne adaylar\u0131 bilgilendirildi.<br \/><\/p>\n","protected":false},"excerpt":{"rendered":"<p>Nazilli \u0130l\u00e7e Sa\u011fl\u0131k M\u00fcd\u00fcrl\u00fc\u011f\u00fc Gebe Okulu\u2019nda gebelikten lohusal\u0131k d\u00f6nemine kadar uzanan s\u00fcre\u00e7te sa\u011fl\u0131kl\u0131 ve bilin\u00e7li annelik i\u00e7in ger\u00e7ekle\u015ftirilen e\u011fitimler aral\u0131ks\u0131z s\u00fcr\u00fcyor. Nazilli \u0130l\u00e7e Sa\u011fl\u0131k M\u00fcd\u00fcrl\u00fc\u011f\u00fc b\u00fcnyesinde bulunan Gebe Okulu\u2019nda, gebelere y\u00f6nelik e\u011fitim faaliyetleri devam ediyor. Merkezde g\u00f6rev yapan ebeler taraf\u0131ndan anne adaylar\u0131na, gebelikten do\u011fum sonras\u0131na kadar bir\u00e7ok \u00f6nemli ba\u015fl\u0131kta bilgilendirme yap\u0131ld\u0131. E\u011fitimler kapsam\u0131nda gebelikte annede&#8230;<\/p>\n","protected":false},"author":1,"featured_media":83772,"comment_status":"open","ping_status":"open","sticky":false,"template":"","format":"standard","meta":{"_crdt_document":"","footnotes":""},"categories":[2],"tags":[],"class_list":["post-83771","post","type-post","status-publish","format-standard","has-post-thumbnail","hentry","category-saglik"],"_links":{"self":[{"href":"https:\/\/www.egemtv.com\/index.php?rest_route=\/wp\/v2\/posts\/83771","targetHints":{"allow":["GET"]}}],"collection":[{"href":"https:\/\/www.egemtv.com\/index.php?rest_route=\/wp\/v2\/posts"}],"about":[{"href":"https:\/\/www.egemtv.com\/index.php?rest_route=\/wp\/v2\/types\/post"}],"author":[{"embeddable":true,"href":"https:\/\/www.egemtv.com\/index.php?rest_route=\/wp\/v2\/users\/1"}],"replies":[{"embeddable":true,"href":"https:\/\/www.egemtv.com\/index.php?rest_route=%2Fwp%2Fv2%2Fcomments&post=83771"}],"version-history":[{"count":1,"href":"https:\/\/www.egemtv.com\/index.php?rest_route=\/wp\/v2\/posts\/83771\/revisions"}],"predecessor-version":[{"id":83773,"href":"https:\/\/www.egemtv.com\/index.php?rest_route=\/wp\/v2\/posts\/83771\/revisions\/83773"}],"wp:featuredmedia":[{"embeddable":true,"href":"https:\/\/www.egemtv.com\/index.php?rest_route=\/wp\/v2\/media\/83772"}],"wp:attachment":[{"href":"https:\/\/www.egemtv.com\/index.php?rest_route=%2Fwp%2Fv2%2Fmedia&parent=83771"}],"wp:term":[{"taxonomy":"category","embeddable":true,"href":"https:\/\/www.egemtv.com\/index.php?rest_route=%2Fwp%2Fv2%2Fcategories&post=83771"},{"taxonomy":"post_tag","embeddable":true,"href":"https:\/\/www.egemtv.com\/index.php?rest_route=%2Fwp%2Fv2%2Ftags&post=83771"}],"curies":[{"name":"wp","href":"https:\/\/api.w.org\/{rel}","templated":true}]}}