{"id":83768,"date":"2026-01-29T09:35:23","date_gmt":"2026-01-29T06:35:23","guid":{"rendered":"https:\/\/www.egemtv.com\/?p=83768"},"modified":"2026-01-29T09:35:24","modified_gmt":"2026-01-29T06:35:24","slug":"incirliovada-rahvan-atlari-yarislara-hazirlaniyor","status":"publish","type":"post","link":"https:\/\/www.egemtv.com\/?p=83768","title":{"rendered":"\u0130ncirliova\u2019da Rahvan atlar\u0131 yar\u0131\u015flara haz\u0131rlan\u0131yor"},"content":{"rendered":"<p>Rahvan at gelene\u011finin s\u00fcrd\u00fcr\u00fcld\u00fc\u011f\u00fc yerlerden olan Ayd\u0131n\u2019\u0131n \u0130ncirliova il\u00e7esinde, yar\u0131\u015flar i\u00e7in sezon haz\u0131rl\u0131klar\u0131 ba\u015flarken, jokeyler her g\u00fcn trafi\u011fe kapal\u0131 alanda antrenman yaparak atlar\u0131n\u0131 yar\u0131\u015fa haz\u0131rl\u0131yor.<\/p>\n<p>Farkl\u0131 y\u00fcr\u00fcy\u00fc\u015f\u00fc ve binicisini yormadan kilometrelerce yol kat etme \u00f6zelli\u011fi ile T\u00fcrk k\u00fclt\u00fcr\u00fcnde as\u0131rlard\u0131r s\u00fcrd\u00fcr\u00fclen rahvan at gelene\u011fi, ulusal ve uluslararas\u0131 yar\u0131\u015flarla ya\u015fat\u0131lmaya \u00e7al\u0131\u015f\u0131l\u0131yor. Binlerce y\u0131ll\u0131k ge\u00e7mi\u015fe sahip olan rahvan atlar, gelene\u011fin devam etmesi i\u00e7in yeti\u015ftirilirken, Ayd\u0131n\u2019\u0131n \u0130ncirliova il\u00e7esindeki at\u00e7\u0131lar\u0131n da sezon haz\u0131rl\u0131klar\u0131 ba\u015flad\u0131. Rahvan atlar\u0131n\u0131n yo\u011fun oldu\u011fu il\u00e7elerden olan \u0130ncirliova il\u00e7esindeki at\u00e7\u0131lar, s\u0131k\u0131 bir antrenman program\u0131yla yar\u0131\u015flara haz\u0131rlan\u0131yor. Her g\u00fcn Erbeyli yolu \u00fczerindeki trafi\u011fe kapal\u0131 alana giden at\u00e7\u0131lar, atlar\u0131na binerek hem kendilerini hem de atlar\u0131n\u0131 yar\u0131\u015fa haz\u0131r hale getiriyor.<\/p>\n<p>Atalar\u0131ndan g\u00f6r\u00fcp, \u00f6\u011frendi\u011fi rahvan at gelene\u011fini ya\u015fatmaya \u00e7al\u0131\u015ft\u0131klar\u0131n\u0131 ve rahvan atlar\u0131n\u0131 yar\u0131\u015fa haz\u0131rlamak i\u00e7in her g\u00fcn antrenman yapt\u0131klar\u0131n\u0131 ifade eden jokey Ya\u015far \u015een; &#8220;Atlar genelde 2 ya\u015f\u0131n\u0131 tamamlad\u0131ktan sonra yava\u015f yava\u015f gezintiler ile antrenmanlara ba\u015flar. 36 ay\u0131n\u0131 dolduran taylar tamamen fizik yap\u0131s\u0131 ve kondisyonu haz\u0131r hale gelir. Antrenmanlara ba\u015flamadan \u00f6nce plan yapmak \u00e7ok \u00f6nemlidir. G\u00fcnl\u00fck ve haftal\u0131k olarak kilometre baz\u0131nda g\u00fczergah\u0131n\u0131 hesaplars\u0131n. G\u00fcn\u00fcn hangi saati yemleme hangi saati antrenman oldu\u011funa g\u00f6re bir plan yapmakta fayda var&#8221; dedi.<br \/><\/p>\n","protected":false},"excerpt":{"rendered":"<p>Rahvan at gelene\u011finin s\u00fcrd\u00fcr\u00fcld\u00fc\u011f\u00fc yerlerden olan Ayd\u0131n\u2019\u0131n \u0130ncirliova il\u00e7esinde, yar\u0131\u015flar i\u00e7in sezon haz\u0131rl\u0131klar\u0131 ba\u015flarken, jokeyler her g\u00fcn trafi\u011fe kapal\u0131 alanda antrenman yaparak atlar\u0131n\u0131 yar\u0131\u015fa haz\u0131rl\u0131yor. Farkl\u0131 y\u00fcr\u00fcy\u00fc\u015f\u00fc ve binicisini yormadan kilometrelerce yol kat etme \u00f6zelli\u011fi ile T\u00fcrk k\u00fclt\u00fcr\u00fcnde as\u0131rlard\u0131r s\u00fcrd\u00fcr\u00fclen rahvan at gelene\u011fi, ulusal ve uluslararas\u0131 yar\u0131\u015flarla ya\u015fat\u0131lmaya \u00e7al\u0131\u015f\u0131l\u0131yor. Binlerce y\u0131ll\u0131k ge\u00e7mi\u015fe sahip olan rahvan&#8230;<\/p>\n","protected":false},"author":1,"featured_media":83769,"comment_status":"open","ping_status":"open","sticky":false,"template":"","format":"standard","meta":{"_crdt_document":"","footnotes":""},"categories":[1],"tags":[],"class_list":["post-83768","post","type-post","status-publish","format-standard","has-post-thumbnail","hentry","category-guncel"],"_links":{"self":[{"href":"https:\/\/www.egemtv.com\/index.php?rest_route=\/wp\/v2\/posts\/83768","targetHints":{"allow":["GET"]}}],"collection":[{"href":"https:\/\/www.egemtv.com\/index.php?rest_route=\/wp\/v2\/posts"}],"about":[{"href":"https:\/\/www.egemtv.com\/index.php?rest_route=\/wp\/v2\/types\/post"}],"author":[{"embeddable":true,"href":"https:\/\/www.egemtv.com\/index.php?rest_route=\/wp\/v2\/users\/1"}],"replies":[{"embeddable":true,"href":"https:\/\/www.egemtv.com\/index.php?rest_route=%2Fwp%2Fv2%2Fcomments&post=83768"}],"version-history":[{"count":1,"href":"https:\/\/www.egemtv.com\/index.php?rest_route=\/wp\/v2\/posts\/83768\/revisions"}],"predecessor-version":[{"id":83770,"href":"https:\/\/www.egemtv.com\/index.php?rest_route=\/wp\/v2\/posts\/83768\/revisions\/83770"}],"wp:featuredmedia":[{"embeddable":true,"href":"https:\/\/www.egemtv.com\/index.php?rest_route=\/wp\/v2\/media\/83769"}],"wp:attachment":[{"href":"https:\/\/www.egemtv.com\/index.php?rest_route=%2Fwp%2Fv2%2Fmedia&parent=83768"}],"wp:term":[{"taxonomy":"category","embeddable":true,"href":"https:\/\/www.egemtv.com\/index.php?rest_route=%2Fwp%2Fv2%2Fcategories&post=83768"},{"taxonomy":"post_tag","embeddable":true,"href":"https:\/\/www.egemtv.com\/index.php?rest_route=%2Fwp%2Fv2%2Ftags&post=83768"}],"curies":[{"name":"wp","href":"https:\/\/api.w.org\/{rel}","templated":true}]}}