{"id":83765,"date":"2026-01-29T09:35:22","date_gmt":"2026-01-29T06:35:22","guid":{"rendered":"https:\/\/www.egemtv.com\/?p=83765"},"modified":"2026-01-29T09:35:22","modified_gmt":"2026-01-29T06:35:22","slug":"kutahyada-hedef-odakli-yks-ve-msu-kampi","status":"publish","type":"post","link":"https:\/\/www.egemtv.com\/?p=83765","title":{"rendered":"K\u00fctahya\u2019da hedef odakl\u0131 YKS ve MS\u00dc kamp\u0131"},"content":{"rendered":"<p>K\u00fctahya Necip Faz\u0131l K\u0131sak\u00fcrek Anadolu Lisesinde, &#8220;Yar\u0131y\u0131l Tatili: Hedefine Yakla\u015fma Vakti&#8221; slogan\u0131yla yar\u0131y\u0131l tatilinin ikinci haftas\u0131nda Y\u00fcksek\u00f6\u011fretim Kurumlar\u0131 S\u0131nav\u0131 (YKS) ve Milli Savunma \u00dcniversitesi (MS\u00dc) haz\u0131rl\u0131k kamp\u0131 d\u00fczenlendi.<br \/>\n<br \/>Ger\u00e7ekle\u015ftirilen YKS ve MS\u00dc haz\u0131rl\u0131k kamp\u0131, \u0130l Mill\u00ee E\u011fitim M\u00fcd\u00fcr Yard\u0131mc\u0131s\u0131 Hakan G\u00f6lp\u0131nar ile \u0130l Milli E\u011fitim \u015eube M\u00fcd\u00fcr\u00fc Bilal \u015een taraf\u0131ndan ziyaret edildi. Ziyaret kapsam\u0131nda okul y\u00f6netimi ve \u00f6\u011frencilerle bir araya gelen G\u00f6lp\u0131nar ve \u015een, okul idaresi e\u015fli\u011finde kamp s\u00fcrecinde y\u00fcr\u00fct\u00fclen \u00e7al\u0131\u015fmalar\u0131 yerinde inceledi. Ders programlar\u0131, et\u00fct planlamalar\u0131 ve akademik hedeflere y\u00f6nelik uygulamalar hakk\u0131nda yetkililerden bilgi ald\u0131.<br \/>\n<br \/>Mezun olmaya haz\u0131rlanan \u00f6\u011frencilerle ger\u00e7ekle\u015ftirilen sohbetlerde ise \u00fcniversiteye haz\u0131rl\u0131k s\u00fcreci, s\u0131nav motivasyonu ve hedef belirleme konular\u0131 ele al\u0131nd\u0131. \u00d6\u011frencilerin sorular\u0131n\u0131 yan\u0131tlayan G\u00f6lp\u0131nar ve \u015een, kamp\u0131n planl\u0131 ve verimli \u015fekilde s\u00fcrd\u00fcr\u00fclmesinin \u00f6nemine vurgu yaparak \u00f6\u011frencilere ba\u015far\u0131 dileklerinde bulundu.<br \/><\/p>\n","protected":false},"excerpt":{"rendered":"<p>K\u00fctahya Necip Faz\u0131l K\u0131sak\u00fcrek Anadolu Lisesinde, &#8220;Yar\u0131y\u0131l Tatili: Hedefine Yakla\u015fma Vakti&#8221; slogan\u0131yla yar\u0131y\u0131l tatilinin ikinci haftas\u0131nda Y\u00fcksek\u00f6\u011fretim Kurumlar\u0131 S\u0131nav\u0131 (YKS) ve Milli Savunma \u00dcniversitesi (MS\u00dc) haz\u0131rl\u0131k kamp\u0131 d\u00fczenlendi. Ger\u00e7ekle\u015ftirilen YKS ve MS\u00dc haz\u0131rl\u0131k kamp\u0131, \u0130l Mill\u00ee E\u011fitim M\u00fcd\u00fcr Yard\u0131mc\u0131s\u0131 Hakan G\u00f6lp\u0131nar ile \u0130l Milli E\u011fitim \u015eube M\u00fcd\u00fcr\u00fc Bilal \u015een taraf\u0131ndan ziyaret edildi. Ziyaret kapsam\u0131nda okul&#8230;<\/p>\n","protected":false},"author":1,"featured_media":83766,"comment_status":"open","ping_status":"open","sticky":false,"template":"","format":"standard","meta":{"_crdt_document":"","footnotes":""},"categories":[1],"tags":[],"class_list":["post-83765","post","type-post","status-publish","format-standard","has-post-thumbnail","hentry","category-guncel"],"_links":{"self":[{"href":"https:\/\/www.egemtv.com\/index.php?rest_route=\/wp\/v2\/posts\/83765","targetHints":{"allow":["GET"]}}],"collection":[{"href":"https:\/\/www.egemtv.com\/index.php?rest_route=\/wp\/v2\/posts"}],"about":[{"href":"https:\/\/www.egemtv.com\/index.php?rest_route=\/wp\/v2\/types\/post"}],"author":[{"embeddable":true,"href":"https:\/\/www.egemtv.com\/index.php?rest_route=\/wp\/v2\/users\/1"}],"replies":[{"embeddable":true,"href":"https:\/\/www.egemtv.com\/index.php?rest_route=%2Fwp%2Fv2%2Fcomments&post=83765"}],"version-history":[{"count":1,"href":"https:\/\/www.egemtv.com\/index.php?rest_route=\/wp\/v2\/posts\/83765\/revisions"}],"predecessor-version":[{"id":83767,"href":"https:\/\/www.egemtv.com\/index.php?rest_route=\/wp\/v2\/posts\/83765\/revisions\/83767"}],"wp:featuredmedia":[{"embeddable":true,"href":"https:\/\/www.egemtv.com\/index.php?rest_route=\/wp\/v2\/media\/83766"}],"wp:attachment":[{"href":"https:\/\/www.egemtv.com\/index.php?rest_route=%2Fwp%2Fv2%2Fmedia&parent=83765"}],"wp:term":[{"taxonomy":"category","embeddable":true,"href":"https:\/\/www.egemtv.com\/index.php?rest_route=%2Fwp%2Fv2%2Fcategories&post=83765"},{"taxonomy":"post_tag","embeddable":true,"href":"https:\/\/www.egemtv.com\/index.php?rest_route=%2Fwp%2Fv2%2Ftags&post=83765"}],"curies":[{"name":"wp","href":"https:\/\/api.w.org\/{rel}","templated":true}]}}