{"id":83762,"date":"2026-01-29T09:35:20","date_gmt":"2026-01-29T06:35:20","guid":{"rendered":"https:\/\/www.egemtv.com\/?p=83762"},"modified":"2026-01-29T09:35:21","modified_gmt":"2026-01-29T06:35:21","slug":"muglaya-kuvvetli-yagis-ve-firtina-uyarisi","status":"publish","type":"post","link":"https:\/\/www.egemtv.com\/?p=83762","title":{"rendered":"Mu\u011fla\u2019ya kuvvetli ya\u011f\u0131\u015f ve f\u0131rt\u0131na uyar\u0131s\u0131"},"content":{"rendered":"<p>Meteoroloji 4. B\u00f6lge M\u00fcd\u00fcrl\u00fc\u011f\u00fc B\u00f6lge Tahmin ve Uyar\u0131 Merkezi, Mu\u011fla genelinde etkili olmas\u0131 beklenen kuvvetli ya\u011f\u0131\u015f ve olumsuz hava \u015fartlar\u0131na kar\u015f\u0131 vatanda\u015flar\u0131 uyard\u0131.<\/p>\n<p>Meteorolojinin tahminlerine g\u00f6re ya\u011f\u0131\u015flar, Mu\u011fla genelinde kuvvetli sa\u011fanak ve g\u00f6k g\u00fcr\u00fclt\u00fcl\u00fc sa\u011fanak \u015feklinde g\u00f6r\u00fclecek. Ya\u011f\u0131\u015f miktar\u0131n\u0131n il genelinde 21-50 kg\/m, k\u0131y\u0131 kesimlerde ise yer yer \u00e7ok kuvvetli (51-75 kg\/m) olaca\u011f\u0131 \u00f6ng\u00f6r\u00fcl\u00fcyor. Yetkililer, yaln\u0131zca yo\u011fun ya\u011f\u0131\u015fa de\u011fil, beraberinde gelebilecek tehlikelere kar\u015f\u0131 da dikkatli olunmas\u0131 gerekti\u011fini vurgulad\u0131. Meteoroloji taraf\u0131ndan yap\u0131lan uyar\u0131da vatanda\u015flar, ani sel ve su bask\u0131n\u0131, y\u0131ld\u0131r\u0131m d\u00fc\u015fmesi, yerel dolu ya\u011f\u0131\u015f\u0131, hortum riski, kuvvetli f\u0131rt\u0131na ile k\u0131sa s\u00fcrede etkili olabilecek ya\u011f\u0131\u015flar\u0131n, dere yataklar\u0131 ve su tahliye sistemlerinin yetersiz kald\u0131\u011f\u0131 b\u00f6lgelerde ta\u015fk\u0131nlara yol a\u00e7abilece\u011fi konusunda uyar\u0131ld\u0131.<\/p>\n<p>K\u0131y\u0131 il\u00e7elere \u00f6zel uyar\u0131<br \/>\n<br \/>Meteoroloji B\u00f6lge M\u00fcd\u00fcrl\u00fc\u011f\u00fc, ba\u015fta k\u0131y\u0131 il\u00e7elerde ya\u015fayan vatanda\u015flar olmak \u00fczere denizcileri de uyard\u0131. F\u0131rt\u0131na ve kuvvetli ya\u011f\u0131\u015f nedeniyle denizde g\u00f6r\u00fc\u015f mesafesinde azalma, dalga boylar\u0131nda art\u0131\u015f ve ula\u015f\u0131mda aksamalar ya\u015fanabilece\u011fi ifade edildi.<br \/><\/p>\n","protected":false},"excerpt":{"rendered":"<p>Meteoroloji 4. B\u00f6lge M\u00fcd\u00fcrl\u00fc\u011f\u00fc B\u00f6lge Tahmin ve Uyar\u0131 Merkezi, Mu\u011fla genelinde etkili olmas\u0131 beklenen kuvvetli ya\u011f\u0131\u015f ve olumsuz hava \u015fartlar\u0131na kar\u015f\u0131 vatanda\u015flar\u0131 uyard\u0131. Meteorolojinin tahminlerine g\u00f6re ya\u011f\u0131\u015flar, Mu\u011fla genelinde kuvvetli sa\u011fanak ve g\u00f6k g\u00fcr\u00fclt\u00fcl\u00fc sa\u011fanak \u015feklinde g\u00f6r\u00fclecek. Ya\u011f\u0131\u015f miktar\u0131n\u0131n il genelinde 21-50 kg\/m, k\u0131y\u0131 kesimlerde ise yer yer \u00e7ok kuvvetli (51-75 kg\/m) olaca\u011f\u0131 \u00f6ng\u00f6r\u00fcl\u00fcyor. Yetkililer,&#8230;<\/p>\n","protected":false},"author":1,"featured_media":83763,"comment_status":"open","ping_status":"open","sticky":false,"template":"","format":"standard","meta":{"_crdt_document":"","footnotes":""},"categories":[1],"tags":[],"class_list":["post-83762","post","type-post","status-publish","format-standard","has-post-thumbnail","hentry","category-guncel"],"_links":{"self":[{"href":"https:\/\/www.egemtv.com\/index.php?rest_route=\/wp\/v2\/posts\/83762","targetHints":{"allow":["GET"]}}],"collection":[{"href":"https:\/\/www.egemtv.com\/index.php?rest_route=\/wp\/v2\/posts"}],"about":[{"href":"https:\/\/www.egemtv.com\/index.php?rest_route=\/wp\/v2\/types\/post"}],"author":[{"embeddable":true,"href":"https:\/\/www.egemtv.com\/index.php?rest_route=\/wp\/v2\/users\/1"}],"replies":[{"embeddable":true,"href":"https:\/\/www.egemtv.com\/index.php?rest_route=%2Fwp%2Fv2%2Fcomments&post=83762"}],"version-history":[{"count":1,"href":"https:\/\/www.egemtv.com\/index.php?rest_route=\/wp\/v2\/posts\/83762\/revisions"}],"predecessor-version":[{"id":83764,"href":"https:\/\/www.egemtv.com\/index.php?rest_route=\/wp\/v2\/posts\/83762\/revisions\/83764"}],"wp:featuredmedia":[{"embeddable":true,"href":"https:\/\/www.egemtv.com\/index.php?rest_route=\/wp\/v2\/media\/83763"}],"wp:attachment":[{"href":"https:\/\/www.egemtv.com\/index.php?rest_route=%2Fwp%2Fv2%2Fmedia&parent=83762"}],"wp:term":[{"taxonomy":"category","embeddable":true,"href":"https:\/\/www.egemtv.com\/index.php?rest_route=%2Fwp%2Fv2%2Fcategories&post=83762"},{"taxonomy":"post_tag","embeddable":true,"href":"https:\/\/www.egemtv.com\/index.php?rest_route=%2Fwp%2Fv2%2Ftags&post=83762"}],"curies":[{"name":"wp","href":"https:\/\/api.w.org\/{rel}","templated":true}]}}