{"id":83759,"date":"2026-01-29T09:35:19","date_gmt":"2026-01-29T06:35:19","guid":{"rendered":"https:\/\/www.egemtv.com\/?p=83759"},"modified":"2026-01-29T09:35:20","modified_gmt":"2026-01-29T06:35:20","slug":"vali-musa-isin-denizli-afyonkarahisar-ve-usak-valileri-ile-bir-araya-geldi","status":"publish","type":"post","link":"https:\/\/www.egemtv.com\/?p=83759","title":{"rendered":"Vali Musa I\u015f\u0131n, Denizli, Afyonkarahisar ve U\u015fak valileri ile bir araya geldi"},"content":{"rendered":"<p>K\u00fctahya Valisi Musa I\u015f\u0131n, Afyonkarahisar Valisi Do\u00e7. Dr. K\u00fcbra G\u00fcran Yi\u011fitba\u015f\u0131 ve U\u015fak Valisi Dr. Naci Akta\u015f ile birlikte Denizli Valisi Yavuz Selim K\u00f6\u015fger\u2019e \u2019hay\u0131rl\u0131 olsun\u2019 ziyaretinde bulundu.<br \/>\n<br \/>Ziyaret kapsam\u0131nda Valilik \u015eeref Defteri\u2019nin imzalanmas\u0131n\u0131n ard\u0131ndan Valilik makam\u0131nda bir araya gelinerek g\u00f6r\u00fc\u015fmeler ger\u00e7ekle\u015ftirildi. G\u00f6r\u00fc\u015fmelerde b\u00f6lgesel i\u015f birli\u011fi, iller aras\u0131 koordinasyon, kamu hizmetlerinin etkinli\u011fi ve y\u00fcr\u00fct\u00fclen projeler hakk\u0131nda kar\u015f\u0131l\u0131kl\u0131 de\u011ferlendirmelerde bulunuldu.<br \/>\n<br \/>Nazik ziyaretlerinden duydu\u011fu memnuniyeti dile getiren Denizli Valisi Yavuz Selim K\u00f6\u015fger, Vali Musa I\u015f\u0131n, Afyonkarahisar Valisi Do\u00e7. Dr. K\u00fcbra G\u00fcran Yi\u011fitba\u015f\u0131 ve U\u015fak Valisi Dr. Naci Akta\u015f\u2019a te\u015fekk\u00fcr etti.<br \/>\n<br \/>Vali Musa I\u015f\u0131n ise misafirperverlikleri dolay\u0131s\u0131yla Denizli Valisi Yavuz Selim K\u00f6\u015fger\u2019e te\u015fekk\u00fcr ederek \u00e7al\u0131\u015fmalar\u0131nda ba\u015far\u0131lar diledi.<br \/>\n<br \/>Ziyaret program\u0131 kapsam\u0131nda Vali Musa I\u015f\u0131n, Denizli Valisi Yavuz Selim K\u00f6\u015fger ile birlikte Denizli \u015fehir merkezinde vatanda\u015flarla bir araya geldi.<br \/><\/p>\n","protected":false},"excerpt":{"rendered":"<p>K\u00fctahya Valisi Musa I\u015f\u0131n, Afyonkarahisar Valisi Do\u00e7. Dr. K\u00fcbra G\u00fcran Yi\u011fitba\u015f\u0131 ve U\u015fak Valisi Dr. Naci Akta\u015f ile birlikte Denizli Valisi Yavuz Selim K\u00f6\u015fger\u2019e \u2019hay\u0131rl\u0131 olsun\u2019 ziyaretinde bulundu. Ziyaret kapsam\u0131nda Valilik \u015eeref Defteri\u2019nin imzalanmas\u0131n\u0131n ard\u0131ndan Valilik makam\u0131nda bir araya gelinerek g\u00f6r\u00fc\u015fmeler ger\u00e7ekle\u015ftirildi. G\u00f6r\u00fc\u015fmelerde b\u00f6lgesel i\u015f birli\u011fi, iller aras\u0131 koordinasyon, kamu hizmetlerinin etkinli\u011fi ve y\u00fcr\u00fct\u00fclen projeler&#8230;<\/p>\n","protected":false},"author":1,"featured_media":83760,"comment_status":"open","ping_status":"open","sticky":false,"template":"","format":"standard","meta":{"_crdt_document":"","footnotes":""},"categories":[123],"tags":[],"class_list":["post-83759","post","type-post","status-publish","format-standard","has-post-thumbnail","hentry","category-gundem"],"_links":{"self":[{"href":"https:\/\/www.egemtv.com\/index.php?rest_route=\/wp\/v2\/posts\/83759","targetHints":{"allow":["GET"]}}],"collection":[{"href":"https:\/\/www.egemtv.com\/index.php?rest_route=\/wp\/v2\/posts"}],"about":[{"href":"https:\/\/www.egemtv.com\/index.php?rest_route=\/wp\/v2\/types\/post"}],"author":[{"embeddable":true,"href":"https:\/\/www.egemtv.com\/index.php?rest_route=\/wp\/v2\/users\/1"}],"replies":[{"embeddable":true,"href":"https:\/\/www.egemtv.com\/index.php?rest_route=%2Fwp%2Fv2%2Fcomments&post=83759"}],"version-history":[{"count":1,"href":"https:\/\/www.egemtv.com\/index.php?rest_route=\/wp\/v2\/posts\/83759\/revisions"}],"predecessor-version":[{"id":83761,"href":"https:\/\/www.egemtv.com\/index.php?rest_route=\/wp\/v2\/posts\/83759\/revisions\/83761"}],"wp:featuredmedia":[{"embeddable":true,"href":"https:\/\/www.egemtv.com\/index.php?rest_route=\/wp\/v2\/media\/83760"}],"wp:attachment":[{"href":"https:\/\/www.egemtv.com\/index.php?rest_route=%2Fwp%2Fv2%2Fmedia&parent=83759"}],"wp:term":[{"taxonomy":"category","embeddable":true,"href":"https:\/\/www.egemtv.com\/index.php?rest_route=%2Fwp%2Fv2%2Fcategories&post=83759"},{"taxonomy":"post_tag","embeddable":true,"href":"https:\/\/www.egemtv.com\/index.php?rest_route=%2Fwp%2Fv2%2Ftags&post=83759"}],"curies":[{"name":"wp","href":"https:\/\/api.w.org\/{rel}","templated":true}]}}