{"id":83756,"date":"2026-01-29T09:35:18","date_gmt":"2026-01-29T06:35:18","guid":{"rendered":"https:\/\/www.egemtv.com\/?p=83756"},"modified":"2026-01-29T09:35:19","modified_gmt":"2026-01-29T06:35:19","slug":"kutahya-il-emniyet-mudurlugunden-kan-bagisi-kampanyasina-destek","status":"publish","type":"post","link":"https:\/\/www.egemtv.com\/?p=83756","title":{"rendered":"K\u00fctahya \u0130l Emniyet M\u00fcd\u00fcrl\u00fc\u011f\u00fcnden kan ba\u011f\u0131\u015f\u0131 kampanyas\u0131na destek"},"content":{"rendered":"<p>K\u00fctahya \u0130l Emniyet M\u00fcd\u00fcrl\u00fc\u011f\u00fc personeli, T\u00fcrk K\u0131z\u0131lay\u2019\u0131 taraf\u0131ndan d\u00fczenlenen kan ba\u011f\u0131\u015f\u0131 kampanyas\u0131na destek verdi.<br \/>\n<br \/>\u0130l Emniyet M\u00fcd\u00fcr\u00fc Osman Elbir\u2019in de kat\u0131ld\u0131\u011f\u0131 kampanya, \u0130l Emniyet M\u00fcd\u00fcrl\u00fc\u011f\u00fc binas\u0131nda ger\u00e7ekle\u015ftirildi. Emniyet personeli, kan ihtiyac\u0131 duyan hastalara umut olmak amac\u0131yla g\u00f6n\u00fcll\u00fc olarak kan ba\u011f\u0131\u015f\u0131nda bulundu.<br \/>\n<br \/>Yetkililer, kan ba\u011f\u0131\u015f\u0131n\u0131n hayati \u00f6nem ta\u015f\u0131d\u0131\u011f\u0131na dikkat \u00e7ekerek vatanda\u015flar\u0131 bu t\u00fcr kampanyalara destek olmaya davet etti.<br \/><\/p>\n","protected":false},"excerpt":{"rendered":"<p>K\u00fctahya \u0130l Emniyet M\u00fcd\u00fcrl\u00fc\u011f\u00fc personeli, T\u00fcrk K\u0131z\u0131lay\u2019\u0131 taraf\u0131ndan d\u00fczenlenen kan ba\u011f\u0131\u015f\u0131 kampanyas\u0131na destek verdi. \u0130l Emniyet M\u00fcd\u00fcr\u00fc Osman Elbir\u2019in de kat\u0131ld\u0131\u011f\u0131 kampanya, \u0130l Emniyet M\u00fcd\u00fcrl\u00fc\u011f\u00fc binas\u0131nda ger\u00e7ekle\u015ftirildi. Emniyet personeli, kan ihtiyac\u0131 duyan hastalara umut olmak amac\u0131yla g\u00f6n\u00fcll\u00fc olarak kan ba\u011f\u0131\u015f\u0131nda bulundu. Yetkililer, kan ba\u011f\u0131\u015f\u0131n\u0131n hayati \u00f6nem ta\u015f\u0131d\u0131\u011f\u0131na dikkat \u00e7ekerek vatanda\u015flar\u0131 bu t\u00fcr kampanyalara destek olmaya&#8230;<\/p>\n","protected":false},"author":1,"featured_media":83757,"comment_status":"open","ping_status":"open","sticky":false,"template":"","format":"standard","meta":{"_crdt_document":"","footnotes":""},"categories":[2],"tags":[],"class_list":["post-83756","post","type-post","status-publish","format-standard","has-post-thumbnail","hentry","category-saglik"],"_links":{"self":[{"href":"https:\/\/www.egemtv.com\/index.php?rest_route=\/wp\/v2\/posts\/83756","targetHints":{"allow":["GET"]}}],"collection":[{"href":"https:\/\/www.egemtv.com\/index.php?rest_route=\/wp\/v2\/posts"}],"about":[{"href":"https:\/\/www.egemtv.com\/index.php?rest_route=\/wp\/v2\/types\/post"}],"author":[{"embeddable":true,"href":"https:\/\/www.egemtv.com\/index.php?rest_route=\/wp\/v2\/users\/1"}],"replies":[{"embeddable":true,"href":"https:\/\/www.egemtv.com\/index.php?rest_route=%2Fwp%2Fv2%2Fcomments&post=83756"}],"version-history":[{"count":1,"href":"https:\/\/www.egemtv.com\/index.php?rest_route=\/wp\/v2\/posts\/83756\/revisions"}],"predecessor-version":[{"id":83758,"href":"https:\/\/www.egemtv.com\/index.php?rest_route=\/wp\/v2\/posts\/83756\/revisions\/83758"}],"wp:featuredmedia":[{"embeddable":true,"href":"https:\/\/www.egemtv.com\/index.php?rest_route=\/wp\/v2\/media\/83757"}],"wp:attachment":[{"href":"https:\/\/www.egemtv.com\/index.php?rest_route=%2Fwp%2Fv2%2Fmedia&parent=83756"}],"wp:term":[{"taxonomy":"category","embeddable":true,"href":"https:\/\/www.egemtv.com\/index.php?rest_route=%2Fwp%2Fv2%2Fcategories&post=83756"},{"taxonomy":"post_tag","embeddable":true,"href":"https:\/\/www.egemtv.com\/index.php?rest_route=%2Fwp%2Fv2%2Ftags&post=83756"}],"curies":[{"name":"wp","href":"https:\/\/api.w.org\/{rel}","templated":true}]}}