{"id":83753,"date":"2026-01-29T08:34:34","date_gmt":"2026-01-29T05:34:34","guid":{"rendered":"https:\/\/www.egemtv.com\/?p=83753"},"modified":"2026-01-29T08:34:35","modified_gmt":"2026-01-29T05:34:35","slug":"teknofest-2026-basvurulari-basladi","status":"publish","type":"post","link":"https:\/\/www.egemtv.com\/?p=83753","title":{"rendered":"TEKNOFEST-2026 ba\u015fvurular\u0131 ba\u015flad\u0131"},"content":{"rendered":"<p>TEKNOFEST 2026\u2019da, gen\u00e7lerin b\u00fcy\u00fck bir ilgiyle takip etti\u011fi \u2018Roket Yar\u0131\u015fmas\u0131, Tar\u0131m Teknolojileri Yar\u0131\u015fmas\u0131, \u0130nsans\u0131z Hava Ara\u00e7lar\u0131 Yar\u0131\u015fmalar\u0131, \u00c7elikkubbe Hava Savunma Sistemleri Yar\u0131\u015fmas\u0131, Sa\u011fl\u0131kta Yapay Zeka Yar\u0131\u015fmas\u0131 ve Hareketli Uydu Terminali Yar\u0131\u015fmas\u0131\u2019 gibi pek \u00e7ok alanda toplam 52 farkl\u0131 kategoride teknoloji yar\u0131\u015fmas\u0131 d\u00fczenlenecek.<br \/>\n<br \/>Bu y\u0131l \u00f6nceki y\u0131llardan farkl\u0131 olarak \u2018Elektronik Harp Yar\u0131\u015fmas\u0131, \u0130leri Otonom Sistemler Tasar\u0131m ve Operasyon Yar\u0131\u015fmas\u0131, TEKNOFEST Maden Teknolojileri Yar\u0131\u015fmas\u0131, FPV Drone \u0130zleme (Tracking) Yar\u0131\u015fmas\u0131 ve \u0130nsanl\u0131k Yarar\u0131na Teknolojiler Yar\u0131\u015fmas\u0131\u2019 dal\u0131nda ilk kez ba\u015fvuru a\u00e7\u0131lacak. TEKNOFEST 2026\u2019da ilkokuldan lisans\u00fcst\u00fcne kadar her e\u011fitim seviyesinden binlerce gen\u00e7, hayallerini projeye d\u00f6n\u00fc\u015ft\u00fcrmek i\u00e7in farkl\u0131 kategorilerdeki teknoloji yar\u0131\u015fmalar\u0131na ba\u015fvurma imkan\u0131 yakalayacak. \u015eanl\u0131urfa\u2019da d\u00fczenlenecek<br \/>\n<br \/>TEKNOFEST 2026 kapsam\u0131nda teknoloji yar\u0131\u015fmalar\u0131na ba\u015fvurular 20 \u015eubat\u2019ta sona erecek<br \/>\n<br \/>TEKNOFEST\u2019in teknoloji yar\u0131\u015fmalar\u0131na kat\u0131lmak i\u00e7in ba\u015fvurular www.teknofest.org adresi \u00fczerinden yap\u0131lacakt\u0131r.<br \/><\/p>\n","protected":false},"excerpt":{"rendered":"<p>TEKNOFEST 2026\u2019da, gen\u00e7lerin b\u00fcy\u00fck bir ilgiyle takip etti\u011fi \u2018Roket Yar\u0131\u015fmas\u0131, Tar\u0131m Teknolojileri Yar\u0131\u015fmas\u0131, \u0130nsans\u0131z Hava Ara\u00e7lar\u0131 Yar\u0131\u015fmalar\u0131, \u00c7elikkubbe Hava Savunma Sistemleri Yar\u0131\u015fmas\u0131, Sa\u011fl\u0131kta Yapay Zeka Yar\u0131\u015fmas\u0131 ve Hareketli Uydu Terminali Yar\u0131\u015fmas\u0131\u2019 gibi pek \u00e7ok alanda toplam 52 farkl\u0131 kategoride teknoloji yar\u0131\u015fmas\u0131 d\u00fczenlenecek. Bu y\u0131l \u00f6nceki y\u0131llardan farkl\u0131 olarak \u2018Elektronik Harp Yar\u0131\u015fmas\u0131, \u0130leri Otonom Sistemler Tasar\u0131m&#8230;<\/p>\n","protected":false},"author":1,"featured_media":83754,"comment_status":"open","ping_status":"open","sticky":false,"template":"","format":"standard","meta":{"_crdt_document":"","footnotes":""},"categories":[124],"tags":[],"class_list":["post-83753","post","type-post","status-publish","format-standard","has-post-thumbnail","hentry","category-bilim"],"_links":{"self":[{"href":"https:\/\/www.egemtv.com\/index.php?rest_route=\/wp\/v2\/posts\/83753","targetHints":{"allow":["GET"]}}],"collection":[{"href":"https:\/\/www.egemtv.com\/index.php?rest_route=\/wp\/v2\/posts"}],"about":[{"href":"https:\/\/www.egemtv.com\/index.php?rest_route=\/wp\/v2\/types\/post"}],"author":[{"embeddable":true,"href":"https:\/\/www.egemtv.com\/index.php?rest_route=\/wp\/v2\/users\/1"}],"replies":[{"embeddable":true,"href":"https:\/\/www.egemtv.com\/index.php?rest_route=%2Fwp%2Fv2%2Fcomments&post=83753"}],"version-history":[{"count":1,"href":"https:\/\/www.egemtv.com\/index.php?rest_route=\/wp\/v2\/posts\/83753\/revisions"}],"predecessor-version":[{"id":83755,"href":"https:\/\/www.egemtv.com\/index.php?rest_route=\/wp\/v2\/posts\/83753\/revisions\/83755"}],"wp:featuredmedia":[{"embeddable":true,"href":"https:\/\/www.egemtv.com\/index.php?rest_route=\/wp\/v2\/media\/83754"}],"wp:attachment":[{"href":"https:\/\/www.egemtv.com\/index.php?rest_route=%2Fwp%2Fv2%2Fmedia&parent=83753"}],"wp:term":[{"taxonomy":"category","embeddable":true,"href":"https:\/\/www.egemtv.com\/index.php?rest_route=%2Fwp%2Fv2%2Fcategories&post=83753"},{"taxonomy":"post_tag","embeddable":true,"href":"https:\/\/www.egemtv.com\/index.php?rest_route=%2Fwp%2Fv2%2Ftags&post=83753"}],"curies":[{"name":"wp","href":"https:\/\/api.w.org\/{rel}","templated":true}]}}