{"id":83732,"date":"2026-01-28T19:14:40","date_gmt":"2026-01-28T16:14:40","guid":{"rendered":"https:\/\/www.egemtv.com\/?p=83732"},"modified":"2026-01-28T19:14:41","modified_gmt":"2026-01-28T16:14:41","slug":"buyuksehir-harekete-gecti-datcada-fidanlar-ureticilerle-bulustu","status":"publish","type":"post","link":"https:\/\/www.egemtv.com\/?p=83732","title":{"rendered":"B\u00fcy\u00fck\u015fehir harekete ge\u00e7ti, Dat\u00e7a\u2019da fidanlar \u00fcreticilerle bulu\u015ftu"},"content":{"rendered":"<p>Mu\u011fla\u2019n\u0131n Dat\u00e7a il\u00e7esinde tar\u0131msal desteklere y\u00f6nelik ger\u00e7ekle\u015ftirilen uygulama kapsam\u0131nda Mu\u011fla B\u00fcy\u00fck\u015fehir Belediyesi taraf\u0131ndan sa\u011flanan fidanlar vatanda\u015flara da\u011f\u0131t\u0131ld\u0131.<br \/>\n<br \/>Ge\u00e7ti\u011fimiz g\u00fcnlerde \u0130skele Mahallesi Muhtar\u0131 Meri\u00e7 Bora\u2019n\u0131n, vatanda\u015flara 2 bin adet harnup (ke\u00e7iboynuzu) fidan\u0131 da\u011f\u0131tmas\u0131n\u0131n ard\u0131ndan Dat\u00e7a\u2019da \u00fcretimi te\u015fvik eden s\u00fcre\u00e7 b\u00fcy\u00fcyerek devam etti. Bu ad\u0131m\u0131n ard\u0131ndan Mu\u011fla B\u00fcy\u00fck\u015fehir Belediyesi de Dat\u00e7a i\u00e7in harekete ge\u00e7ti.<br \/>\n<br \/>Mu\u011fla B\u00fcy\u00fck\u015fehir Belediyesi Tar\u0131msal Hizmetler Dairesi Ba\u015fkanl\u0131\u011f\u0131 taraf\u0131ndan y\u00fcr\u00fct\u00fclen &#8220;Her Kap\u0131da Bir Fidan Projesi&#8221; kapsam\u0131nda Dat\u00e7a\u2019da \u00fcreticilere y\u00f6nelik kapsaml\u0131 bir fidan deste\u011fi sa\u011fland\u0131. Proje \u00e7er\u00e7evesinde 32 \u00fcreticiye toplam 3 bin fidan da\u011f\u0131t\u0131ld\u0131. Destekleme kapsam\u0131nda 775 adet ceviz fidan\u0131 ile 2 bin 225 adet zeytin fidan\u0131 \u00fcreticilere teslim edildi. Projenin temel amac\u0131, k\u0131rsal alanlarda \u00fcretim k\u00fclt\u00fcr\u00fcn\u00fc g\u00fc\u00e7lendirmek, uzun vadeli ve katma de\u011feri y\u00fcksek tar\u0131msal \u00fcr\u00fcnlerin yayg\u0131nla\u015ft\u0131r\u0131lmas\u0131n\u0131 sa\u011flamak, iklim de\u011fi\u015fikli\u011fine dayan\u0131kl\u0131 ve b\u00f6lge floras\u0131na uygun t\u00fcrlerle ye\u015fil dokuyu art\u0131rmak ve \u00fcreticilere ek gelir kayna\u011f\u0131 olu\u015fturmak olarak belirtildi. Yerelden ba\u015flayan ve B\u00fcy\u00fck\u015fehir Belediyesi\u2019nin katk\u0131s\u0131yla b\u00fcy\u00fcyen desteklerin, Dat\u00e7a\u2019da tar\u0131msal \u00fcretimi g\u00fc\u00e7lendirmesi ve uzun vadede k\u0131rsal kalk\u0131nmaya \u00f6nemli katk\u0131 sunmas\u0131 bekleniyor.<br \/><\/p>\n","protected":false},"excerpt":{"rendered":"<p>Mu\u011fla\u2019n\u0131n Dat\u00e7a il\u00e7esinde tar\u0131msal desteklere y\u00f6nelik ger\u00e7ekle\u015ftirilen uygulama kapsam\u0131nda Mu\u011fla B\u00fcy\u00fck\u015fehir Belediyesi taraf\u0131ndan sa\u011flanan fidanlar vatanda\u015flara da\u011f\u0131t\u0131ld\u0131. Ge\u00e7ti\u011fimiz g\u00fcnlerde \u0130skele Mahallesi Muhtar\u0131 Meri\u00e7 Bora\u2019n\u0131n, vatanda\u015flara 2 bin adet harnup (ke\u00e7iboynuzu) fidan\u0131 da\u011f\u0131tmas\u0131n\u0131n ard\u0131ndan Dat\u00e7a\u2019da \u00fcretimi te\u015fvik eden s\u00fcre\u00e7 b\u00fcy\u00fcyerek devam etti. Bu ad\u0131m\u0131n ard\u0131ndan Mu\u011fla B\u00fcy\u00fck\u015fehir Belediyesi de Dat\u00e7a i\u00e7in harekete ge\u00e7ti. Mu\u011fla B\u00fcy\u00fck\u015fehir Belediyesi&#8230;<\/p>\n","protected":false},"author":1,"featured_media":83733,"comment_status":"open","ping_status":"open","sticky":false,"template":"","format":"standard","meta":{"_crdt_document":"","footnotes":""},"categories":[1],"tags":[],"class_list":["post-83732","post","type-post","status-publish","format-standard","has-post-thumbnail","hentry","category-guncel"],"_links":{"self":[{"href":"https:\/\/www.egemtv.com\/index.php?rest_route=\/wp\/v2\/posts\/83732","targetHints":{"allow":["GET"]}}],"collection":[{"href":"https:\/\/www.egemtv.com\/index.php?rest_route=\/wp\/v2\/posts"}],"about":[{"href":"https:\/\/www.egemtv.com\/index.php?rest_route=\/wp\/v2\/types\/post"}],"author":[{"embeddable":true,"href":"https:\/\/www.egemtv.com\/index.php?rest_route=\/wp\/v2\/users\/1"}],"replies":[{"embeddable":true,"href":"https:\/\/www.egemtv.com\/index.php?rest_route=%2Fwp%2Fv2%2Fcomments&post=83732"}],"version-history":[{"count":1,"href":"https:\/\/www.egemtv.com\/index.php?rest_route=\/wp\/v2\/posts\/83732\/revisions"}],"predecessor-version":[{"id":83734,"href":"https:\/\/www.egemtv.com\/index.php?rest_route=\/wp\/v2\/posts\/83732\/revisions\/83734"}],"wp:featuredmedia":[{"embeddable":true,"href":"https:\/\/www.egemtv.com\/index.php?rest_route=\/wp\/v2\/media\/83733"}],"wp:attachment":[{"href":"https:\/\/www.egemtv.com\/index.php?rest_route=%2Fwp%2Fv2%2Fmedia&parent=83732"}],"wp:term":[{"taxonomy":"category","embeddable":true,"href":"https:\/\/www.egemtv.com\/index.php?rest_route=%2Fwp%2Fv2%2Fcategories&post=83732"},{"taxonomy":"post_tag","embeddable":true,"href":"https:\/\/www.egemtv.com\/index.php?rest_route=%2Fwp%2Fv2%2Ftags&post=83732"}],"curies":[{"name":"wp","href":"https:\/\/api.w.org\/{rel}","templated":true}]}}