{"id":83513,"date":"2026-01-28T09:54:51","date_gmt":"2026-01-28T06:54:51","guid":{"rendered":"https:\/\/www.egemtv.com\/?p=83513"},"modified":"2026-01-28T09:54:52","modified_gmt":"2026-01-28T06:54:52","slug":"genclerin-meslek-lisesi-tercihi-artiyor","status":"publish","type":"post","link":"https:\/\/www.egemtv.com\/?p=83513","title":{"rendered":"Gen\u00e7lerin meslek lisesi tercihi art\u0131yor"},"content":{"rendered":"<p>K\u00fctahya Valisi Musa I\u015f\u0131n, meslek liselerine kay\u0131t yapt\u0131ran \u00f6\u011frenci say\u0131s\u0131n\u0131n 4 bine ula\u015ft\u0131\u011f\u0131n\u0131 a\u00e7\u0131klad\u0131.<br \/>\n<br \/>Mesleki E\u011fitimde Stratejik \u0130\u015fbirli\u011fi, Dijital D\u00f6n\u00fc\u015f\u00fcm ve Hamilik Protokol\u00fc, d\u00fczenlenen t\u00f6renle imzaland\u0131. Programda konu\u015fan K\u00fctahya Valisi Musa I\u015f\u0131n, nitelikli i\u015f g\u00fcc\u00fcn\u00fcn kalk\u0131nman\u0131n anahtar\u0131 oldu\u011funu vurgulad\u0131.<br \/>\n<br \/>Sanayi sekt\u00f6r\u00fcn\u00fcn en \u00f6nemli sorunlar\u0131ndan birinin nitelikli eleman ihtiyac\u0131 oldu\u011funa dikkat \u00e7eken Vali Musa I\u015f\u0131n, mesleki e\u011fitimin bu sorunun \u00e7\u00f6z\u00fcm\u00fcnde kritik bir rol \u00fcstlendi\u011fini belirtti. Meslek liselerinin \u00fclkenin beceri sermayesinin temelini olu\u015fturdu\u011funu ifade eden I\u015f\u0131n, bu okullar\u0131n g\u00fc\u00e7lenmesinin ekonomik kalk\u0131nmaya do\u011frudan katk\u0131 sundu\u011funu s\u00f6yledi.  Son y\u0131llarda uygulanan politikalarla mesleki e\u011fitimin yeniden ivme kazand\u0131\u011f\u0131n\u0131 dile getiren Vali Musa I\u015f\u0131n, sanayi ile okul entegrasyonunun yeniden sa\u011fland\u0131\u011f\u0131n\u0131 kaydetti. Bu entegrasyonun hem \u00f6\u011frenciler hem de sanayi kurulu\u015flar\u0131 a\u00e7\u0131s\u0131ndan \u00f6nemli kazan\u0131mlar sa\u011flad\u0131\u011f\u0131n\u0131 belirtti.<br \/>\n<br \/>K\u00fctahya\u2019daki \u00f6\u011frenci say\u0131lar\u0131yla ilgili de bilgi veren Vali Musa I\u015f\u0131n, 2024-2025 e\u011fitim \u00f6\u011fretim y\u0131l\u0131nda meslek liselerine kay\u0131t yapt\u0131ran \u00f6\u011frenci say\u0131s\u0131n\u0131n 2 bin 500 oldu\u011funu, 2025-2026 e\u011fitim \u00f6\u011fretim y\u0131l\u0131nda ise bu say\u0131n\u0131n 4 bine ula\u015ft\u0131\u011f\u0131n\u0131 a\u00e7\u0131klad\u0131. Bu art\u0131\u015f\u0131n, mesleki e\u011fitime olan ilginin her ge\u00e7en y\u0131l artt\u0131\u011f\u0131n\u0131 g\u00f6sterdi\u011fini ifade etti.<br \/>\n<br \/>Gen\u00e7lere istihdam g\u00fcvencesi sunulmas\u0131n\u0131n mesleki e\u011fitimin tercih edilirli\u011fini art\u0131rd\u0131\u011f\u0131n\u0131 belirten Vali Musa I\u015f\u0131n, &#8220;Gen\u00e7lerimiz sonu\u00e7 g\u00f6rd\u00fc\u011f\u00fcnde bu alanlardan uzakla\u015fm\u0131yor&#8221; dedi.<br \/><\/p>\n","protected":false},"excerpt":{"rendered":"<p>K\u00fctahya Valisi Musa I\u015f\u0131n, meslek liselerine kay\u0131t yapt\u0131ran \u00f6\u011frenci say\u0131s\u0131n\u0131n 4 bine ula\u015ft\u0131\u011f\u0131n\u0131 a\u00e7\u0131klad\u0131. Mesleki E\u011fitimde Stratejik \u0130\u015fbirli\u011fi, Dijital D\u00f6n\u00fc\u015f\u00fcm ve Hamilik Protokol\u00fc, d\u00fczenlenen t\u00f6renle imzaland\u0131. Programda konu\u015fan K\u00fctahya Valisi Musa I\u015f\u0131n, nitelikli i\u015f g\u00fcc\u00fcn\u00fcn kalk\u0131nman\u0131n anahtar\u0131 oldu\u011funu vurgulad\u0131. Sanayi sekt\u00f6r\u00fcn\u00fcn en \u00f6nemli sorunlar\u0131ndan birinin nitelikli eleman ihtiyac\u0131 oldu\u011funa dikkat \u00e7eken Vali Musa I\u015f\u0131n, mesleki&#8230;<\/p>\n","protected":false},"author":1,"featured_media":83514,"comment_status":"open","ping_status":"open","sticky":false,"template":"","format":"standard","meta":{"_crdt_document":"","footnotes":""},"categories":[1],"tags":[],"class_list":["post-83513","post","type-post","status-publish","format-standard","has-post-thumbnail","hentry","category-guncel"],"_links":{"self":[{"href":"https:\/\/www.egemtv.com\/index.php?rest_route=\/wp\/v2\/posts\/83513","targetHints":{"allow":["GET"]}}],"collection":[{"href":"https:\/\/www.egemtv.com\/index.php?rest_route=\/wp\/v2\/posts"}],"about":[{"href":"https:\/\/www.egemtv.com\/index.php?rest_route=\/wp\/v2\/types\/post"}],"author":[{"embeddable":true,"href":"https:\/\/www.egemtv.com\/index.php?rest_route=\/wp\/v2\/users\/1"}],"replies":[{"embeddable":true,"href":"https:\/\/www.egemtv.com\/index.php?rest_route=%2Fwp%2Fv2%2Fcomments&post=83513"}],"version-history":[{"count":1,"href":"https:\/\/www.egemtv.com\/index.php?rest_route=\/wp\/v2\/posts\/83513\/revisions"}],"predecessor-version":[{"id":83515,"href":"https:\/\/www.egemtv.com\/index.php?rest_route=\/wp\/v2\/posts\/83513\/revisions\/83515"}],"wp:featuredmedia":[{"embeddable":true,"href":"https:\/\/www.egemtv.com\/index.php?rest_route=\/wp\/v2\/media\/83514"}],"wp:attachment":[{"href":"https:\/\/www.egemtv.com\/index.php?rest_route=%2Fwp%2Fv2%2Fmedia&parent=83513"}],"wp:term":[{"taxonomy":"category","embeddable":true,"href":"https:\/\/www.egemtv.com\/index.php?rest_route=%2Fwp%2Fv2%2Fcategories&post=83513"},{"taxonomy":"post_tag","embeddable":true,"href":"https:\/\/www.egemtv.com\/index.php?rest_route=%2Fwp%2Fv2%2Ftags&post=83513"}],"curies":[{"name":"wp","href":"https:\/\/api.w.org\/{rel}","templated":true}]}}