{"id":83510,"date":"2026-01-28T09:54:50","date_gmt":"2026-01-28T06:54:50","guid":{"rendered":"https:\/\/www.egemtv.com\/?p=83510"},"modified":"2026-01-28T09:54:51","modified_gmt":"2026-01-28T06:54:51","slug":"baskan-semih-dere-bulgurlar-mahallesinde-vatandaslarla-bulustu","status":"publish","type":"post","link":"https:\/\/www.egemtv.com\/?p=83510","title":{"rendered":"Ba\u015fkan Semih Dere, Bulgurlar Mahallesi\u2019nde vatanda\u015flarla bulu\u015ftu"},"content":{"rendered":"<p>\u00c7ivril Belediye Ba\u015fkan\u0131 Semih Dere, mahalle ziyaretleri kapsam\u0131nda Bulgurlar Mahallesi\u2019ni ziyaret ederek vatanda\u015flarla bir araya geldi. Ba\u015fkan Dere, mahalle sakinlerinin talep ve \u00f6nerilerini yerinde dinleyerek kar\u015f\u0131l\u0131kl\u0131 de\u011ferlendirmelerde bulundu.<\/p>\n<p>\u00c7ivril Belediye Ba\u015fkan\u0131 Semih Dere, mahalle ziyaretleri kapsam\u0131nda k\u0131rsal mahallelerde ya\u015fayan vatanda\u015flarla bir araya gelmeye devam ediyor. Ba\u015fkan Dere, bu kapsamda son olarak Bulgurlar Mahallesi\u2019ni ziyaret etti. Bulgurlar Mahallesi sakinleriyle bir araya gelen Ba\u015fkan Semih Dere, vatanda\u015flarla sohbet ederek mahallede ya\u015fanan sorunlar\u0131 yerinde dinledi. Mahalle sakinlerinin talep ve \u00f6nerilerini tek tek not alan Ba\u015fkan Dere, \u00e7\u00f6z\u00fcm odakl\u0131 bir anlay\u0131\u015fla kar\u015f\u0131l\u0131kl\u0131 de\u011ferlendirmelerde bulundu.<\/p>\n<p>Ziyaretle ilgili a\u00e7\u0131klamalarda bulunan Ba\u015fkan Dere, &#8220;Bulgurlar Mahallemizi ziyaret ederek hem\u015fehrilerimizle bulu\u015ftuk. Mahalle sakinlerimizin ihtiya\u00e7lar\u0131n\u0131, talep ve \u00f6nerilerini yerinde dinleyerek kar\u015f\u0131l\u0131kl\u0131 de\u011ferlendirmelerde bulunduk. G\u00f6sterdikleri yo\u011fun ilgi ve samimi ev sahiplikleri i\u00e7in her birine ayr\u0131 ayr\u0131 te\u015fekk\u00fcr ediyorum&#8221; ifadelerini kulland\u0131.<br \/><\/p>\n","protected":false},"excerpt":{"rendered":"<p>\u00c7ivril Belediye Ba\u015fkan\u0131 Semih Dere, mahalle ziyaretleri kapsam\u0131nda Bulgurlar Mahallesi\u2019ni ziyaret ederek vatanda\u015flarla bir araya geldi. Ba\u015fkan Dere, mahalle sakinlerinin talep ve \u00f6nerilerini yerinde dinleyerek kar\u015f\u0131l\u0131kl\u0131 de\u011ferlendirmelerde bulundu. \u00c7ivril Belediye Ba\u015fkan\u0131 Semih Dere, mahalle ziyaretleri kapsam\u0131nda k\u0131rsal mahallelerde ya\u015fayan vatanda\u015flarla bir araya gelmeye devam ediyor. Ba\u015fkan Dere, bu kapsamda son olarak Bulgurlar Mahallesi\u2019ni ziyaret etti&#8230;.<\/p>\n","protected":false},"author":1,"featured_media":83511,"comment_status":"open","ping_status":"open","sticky":false,"template":"","format":"standard","meta":{"_crdt_document":"","footnotes":""},"categories":[127],"tags":[],"class_list":["post-83510","post","type-post","status-publish","format-standard","has-post-thumbnail","hentry","category-siyaset"],"_links":{"self":[{"href":"https:\/\/www.egemtv.com\/index.php?rest_route=\/wp\/v2\/posts\/83510","targetHints":{"allow":["GET"]}}],"collection":[{"href":"https:\/\/www.egemtv.com\/index.php?rest_route=\/wp\/v2\/posts"}],"about":[{"href":"https:\/\/www.egemtv.com\/index.php?rest_route=\/wp\/v2\/types\/post"}],"author":[{"embeddable":true,"href":"https:\/\/www.egemtv.com\/index.php?rest_route=\/wp\/v2\/users\/1"}],"replies":[{"embeddable":true,"href":"https:\/\/www.egemtv.com\/index.php?rest_route=%2Fwp%2Fv2%2Fcomments&post=83510"}],"version-history":[{"count":1,"href":"https:\/\/www.egemtv.com\/index.php?rest_route=\/wp\/v2\/posts\/83510\/revisions"}],"predecessor-version":[{"id":83512,"href":"https:\/\/www.egemtv.com\/index.php?rest_route=\/wp\/v2\/posts\/83510\/revisions\/83512"}],"wp:featuredmedia":[{"embeddable":true,"href":"https:\/\/www.egemtv.com\/index.php?rest_route=\/wp\/v2\/media\/83511"}],"wp:attachment":[{"href":"https:\/\/www.egemtv.com\/index.php?rest_route=%2Fwp%2Fv2%2Fmedia&parent=83510"}],"wp:term":[{"taxonomy":"category","embeddable":true,"href":"https:\/\/www.egemtv.com\/index.php?rest_route=%2Fwp%2Fv2%2Fcategories&post=83510"},{"taxonomy":"post_tag","embeddable":true,"href":"https:\/\/www.egemtv.com\/index.php?rest_route=%2Fwp%2Fv2%2Ftags&post=83510"}],"curies":[{"name":"wp","href":"https:\/\/api.w.org\/{rel}","templated":true}]}}