{"id":83507,"date":"2026-01-28T09:35:12","date_gmt":"2026-01-28T06:35:12","guid":{"rendered":"https:\/\/www.egemtv.com\/?p=83507"},"modified":"2026-01-28T09:35:13","modified_gmt":"2026-01-28T06:35:13","slug":"aydinda-salep-orkidesi-uretimi-buyuyor","status":"publish","type":"post","link":"https:\/\/www.egemtv.com\/?p=83507","title":{"rendered":"Ayd\u0131n\u2019da salep orkidesi \u00fcretimi b\u00fcy\u00fcyor"},"content":{"rendered":"<p>Ayd\u0131n\u2019\u0131n Efeler il\u00e7esi K\u0131z\u0131lcak\u00f6y Mahallesi\u2019nde salep orkidesi \u00fcretimi yapan Ender Yenel, bin 700 metrekarelik alanda 17 farkl\u0131 t\u00fcrde yakla\u015f\u0131k 400 bin fide ile \u00fcretimini s\u00fcrd\u00fcr\u00fcrken, il\u00e7ede orkide \u00fcretimi b\u00fcy\u00fcyor.<\/p>\n<p>K\u0131z\u0131lcak\u00f6y Mahallesi\u2019nde salep orkidesi \u00fcretimi yapan \u00fcretici Ender Yenel, y\u00fcr\u00fctt\u00fc\u011f\u00fc \u00fcretim \u00e7al\u0131\u015fmalar\u0131yla dikkat \u00e7ekiyor. Tar\u0131m ve Orman Bakanl\u0131\u011f\u0131\u2019ndan salep orkidesi \u00fcretim ama\u00e7l\u0131 yumru fide sat\u0131\u015f izni bulunan Yenel, farkl\u0131 \u00fcretim alanlar\u0131n\u0131n yan\u0131 s\u0131ra K\u0131z\u0131lcak\u00f6y\u2019de de yakla\u015f\u0131k bin 700 metrekarelik alanda \u00fcretimini s\u00fcrd\u00fcr\u00fcyor. Toplam 17 farkl\u0131 t\u00fcrde yakla\u015f\u0131k 400 bin adet fide ile yap\u0131lan \u00fcretimde Serapias vomeracea, Orchis sancta, Anacamptis coriophora, Barlia robertiana ve Ophrys t\u00fcrleri ba\u015fta olmak \u00fczere bir\u00e7ok salep orkidesi t\u00fcr\u00fc yer al\u0131yor. \u00dcretimde verimlili\u011fi art\u0131rmaya y\u00f6nelik denemeler yapan Ender Yenel, bu s\u00fcre\u00e7te Adnan Menderes \u00dcniversitesi Ziraat Fak\u00fcltesi \u00f6\u011fretim elemanlar\u0131ndan da teknik destek al\u0131yor. Bilimsel \u00e7al\u0131\u015fmalarla desteklenen \u00fcretim modeli, b\u00f6lgede katma de\u011ferli tar\u0131msal \u00fcretim a\u00e7\u0131s\u0131ndan \u00f6rnek te\u015fkil ederken, Efeler \u0130l\u00e7e Tar\u0131m ve Orman M\u00fcd\u00fcr\u00fc Mehmet Esen incelemelerde bulundu.<\/p>\n<p>Konu ile ilgili Efeler \u0130l\u00e7e Tar\u0131m ve Orman M\u00fcd\u00fcrl\u00fc\u011f\u00fc\u2019nden yap\u0131lan a\u00e7\u0131klamada &#8220;\u0130l\u00e7emiz K\u0131z\u0131lcak\u00f6y Mahallesi\u2019nde salep orkidesi \u00fcretimi yapan \u00fcreticimiz Ender Yenel\u2019i ziyaret ettik. 17 farkl\u0131 t\u00fcrde yakla\u015f\u0131k 400 bin adet fide ile \u00fcretimi yapan Yenel\u2019i tebrik ediyor, ba\u015far\u0131lar, bol kazan\u00e7lar diliyoruz&#8221; ifadeleri yer ald\u0131.<br \/><\/p>\n","protected":false},"excerpt":{"rendered":"<p>Ayd\u0131n\u2019\u0131n Efeler il\u00e7esi K\u0131z\u0131lcak\u00f6y Mahallesi\u2019nde salep orkidesi \u00fcretimi yapan Ender Yenel, bin 700 metrekarelik alanda 17 farkl\u0131 t\u00fcrde yakla\u015f\u0131k 400 bin fide ile \u00fcretimini s\u00fcrd\u00fcr\u00fcrken, il\u00e7ede orkide \u00fcretimi b\u00fcy\u00fcyor. K\u0131z\u0131lcak\u00f6y Mahallesi\u2019nde salep orkidesi \u00fcretimi yapan \u00fcretici Ender Yenel, y\u00fcr\u00fctt\u00fc\u011f\u00fc \u00fcretim \u00e7al\u0131\u015fmalar\u0131yla dikkat \u00e7ekiyor. Tar\u0131m ve Orman Bakanl\u0131\u011f\u0131\u2019ndan salep orkidesi \u00fcretim ama\u00e7l\u0131 yumru fide sat\u0131\u015f izni&#8230;<\/p>\n","protected":false},"author":1,"featured_media":83508,"comment_status":"open","ping_status":"open","sticky":false,"template":"","format":"standard","meta":{"_crdt_document":"","footnotes":""},"categories":[1],"tags":[],"class_list":["post-83507","post","type-post","status-publish","format-standard","has-post-thumbnail","hentry","category-guncel"],"_links":{"self":[{"href":"https:\/\/www.egemtv.com\/index.php?rest_route=\/wp\/v2\/posts\/83507","targetHints":{"allow":["GET"]}}],"collection":[{"href":"https:\/\/www.egemtv.com\/index.php?rest_route=\/wp\/v2\/posts"}],"about":[{"href":"https:\/\/www.egemtv.com\/index.php?rest_route=\/wp\/v2\/types\/post"}],"author":[{"embeddable":true,"href":"https:\/\/www.egemtv.com\/index.php?rest_route=\/wp\/v2\/users\/1"}],"replies":[{"embeddable":true,"href":"https:\/\/www.egemtv.com\/index.php?rest_route=%2Fwp%2Fv2%2Fcomments&post=83507"}],"version-history":[{"count":1,"href":"https:\/\/www.egemtv.com\/index.php?rest_route=\/wp\/v2\/posts\/83507\/revisions"}],"predecessor-version":[{"id":83509,"href":"https:\/\/www.egemtv.com\/index.php?rest_route=\/wp\/v2\/posts\/83507\/revisions\/83509"}],"wp:featuredmedia":[{"embeddable":true,"href":"https:\/\/www.egemtv.com\/index.php?rest_route=\/wp\/v2\/media\/83508"}],"wp:attachment":[{"href":"https:\/\/www.egemtv.com\/index.php?rest_route=%2Fwp%2Fv2%2Fmedia&parent=83507"}],"wp:term":[{"taxonomy":"category","embeddable":true,"href":"https:\/\/www.egemtv.com\/index.php?rest_route=%2Fwp%2Fv2%2Fcategories&post=83507"},{"taxonomy":"post_tag","embeddable":true,"href":"https:\/\/www.egemtv.com\/index.php?rest_route=%2Fwp%2Fv2%2Ftags&post=83507"}],"curies":[{"name":"wp","href":"https:\/\/api.w.org\/{rel}","templated":true}]}}