{"id":83504,"date":"2026-01-28T09:35:10","date_gmt":"2026-01-28T06:35:10","guid":{"rendered":"https:\/\/www.egemtv.com\/?p=83504"},"modified":"2026-01-28T09:35:12","modified_gmt":"2026-01-28T06:35:12","slug":"tarihin-sofralari-projesi-ile-staj-yapacaklar","status":"publish","type":"post","link":"https:\/\/www.egemtv.com\/?p=83504","title":{"rendered":"Tarihin Sofralar\u0131 projesi ile staj yapacaklar"},"content":{"rendered":"<p>Kad\u0131k\u00f6y Abd\u00fclhamid Han Turizm Mesleki ve Teknik Anadolu Lisesi taraf\u0131ndan y\u00fcr\u00fct\u00fclen Tarihin Sofralar\u0131 projesi ile 9 \u00f6\u011frenci yurt d\u0131\u015f\u0131nda staj faaliyetlerine kat\u0131lacak.<br \/>\n<br \/>Kad\u0131k\u00f6y Abd\u00fclhamid Han Turizm Mesleki ve Teknik Anadolu Lisesi taraf\u0131ndan y\u00fcr\u00fct\u00fclen &#8220;Tarihin Sofralar\u0131&#8221; adl\u0131 proje kapsam\u0131nda; 3 Yiyecek \u0130\u00e7ecek Hizmetleri alan \u00f6\u011fretmeni ve 9 Yiyecek \u0130\u00e7ecek Hizmetleri alan\u0131 \u00f6\u011frencisi, k\u0131sa d\u00f6nem \u00f6\u011frenci hareketlili\u011fi staj faaliyetlerine kat\u0131lmadan \u00f6nce \u0130l\u00e7e Mill\u00ee E\u011fitim M\u00fcd\u00fcr\u00fc Hakan \u00d6zcan\u2019\u0131 makam\u0131nda ziyaret etti. Ziyarette, proje kapsam\u0131nda ger\u00e7ekle\u015ftirilecek staj faaliyetlerine ili\u015fkin bilgi payla\u015f\u0131m\u0131nda bulunulurken, uluslararas\u0131 hareketlili\u011fin \u00f6\u011frencilerin mesleki geli\u015fimlerine ve k\u00fclt\u00fcrel birikimlerine sa\u011flayaca\u011f\u0131 katk\u0131lar \u00fczerine de\u011ferlendirmeler yap\u0131ld\u0131.<br \/><\/p>\n","protected":false},"excerpt":{"rendered":"<p>Kad\u0131k\u00f6y Abd\u00fclhamid Han Turizm Mesleki ve Teknik Anadolu Lisesi taraf\u0131ndan y\u00fcr\u00fct\u00fclen Tarihin Sofralar\u0131 projesi ile 9 \u00f6\u011frenci yurt d\u0131\u015f\u0131nda staj faaliyetlerine kat\u0131lacak. Kad\u0131k\u00f6y Abd\u00fclhamid Han Turizm Mesleki ve Teknik Anadolu Lisesi taraf\u0131ndan y\u00fcr\u00fct\u00fclen &#8220;Tarihin Sofralar\u0131&#8221; adl\u0131 proje kapsam\u0131nda; 3 Yiyecek \u0130\u00e7ecek Hizmetleri alan \u00f6\u011fretmeni ve 9 Yiyecek \u0130\u00e7ecek Hizmetleri alan\u0131 \u00f6\u011frencisi, k\u0131sa d\u00f6nem \u00f6\u011frenci hareketlili\u011fi&#8230;<\/p>\n","protected":false},"author":1,"featured_media":83505,"comment_status":"open","ping_status":"open","sticky":false,"template":"","format":"standard","meta":{"_crdt_document":"","footnotes":""},"categories":[1],"tags":[],"class_list":["post-83504","post","type-post","status-publish","format-standard","has-post-thumbnail","hentry","category-guncel"],"_links":{"self":[{"href":"https:\/\/www.egemtv.com\/index.php?rest_route=\/wp\/v2\/posts\/83504","targetHints":{"allow":["GET"]}}],"collection":[{"href":"https:\/\/www.egemtv.com\/index.php?rest_route=\/wp\/v2\/posts"}],"about":[{"href":"https:\/\/www.egemtv.com\/index.php?rest_route=\/wp\/v2\/types\/post"}],"author":[{"embeddable":true,"href":"https:\/\/www.egemtv.com\/index.php?rest_route=\/wp\/v2\/users\/1"}],"replies":[{"embeddable":true,"href":"https:\/\/www.egemtv.com\/index.php?rest_route=%2Fwp%2Fv2%2Fcomments&post=83504"}],"version-history":[{"count":1,"href":"https:\/\/www.egemtv.com\/index.php?rest_route=\/wp\/v2\/posts\/83504\/revisions"}],"predecessor-version":[{"id":83506,"href":"https:\/\/www.egemtv.com\/index.php?rest_route=\/wp\/v2\/posts\/83504\/revisions\/83506"}],"wp:featuredmedia":[{"embeddable":true,"href":"https:\/\/www.egemtv.com\/index.php?rest_route=\/wp\/v2\/media\/83505"}],"wp:attachment":[{"href":"https:\/\/www.egemtv.com\/index.php?rest_route=%2Fwp%2Fv2%2Fmedia&parent=83504"}],"wp:term":[{"taxonomy":"category","embeddable":true,"href":"https:\/\/www.egemtv.com\/index.php?rest_route=%2Fwp%2Fv2%2Fcategories&post=83504"},{"taxonomy":"post_tag","embeddable":true,"href":"https:\/\/www.egemtv.com\/index.php?rest_route=%2Fwp%2Fv2%2Ftags&post=83504"}],"curies":[{"name":"wp","href":"https:\/\/api.w.org\/{rel}","templated":true}]}}