{"id":83501,"date":"2026-01-28T09:35:09","date_gmt":"2026-01-28T06:35:09","guid":{"rendered":"https:\/\/www.egemtv.com\/?p=83501"},"modified":"2026-01-28T09:35:10","modified_gmt":"2026-01-28T06:35:10","slug":"guvenilir-gida-yolculugunda-denizlili-kadinlara-geka-destegi","status":"publish","type":"post","link":"https:\/\/www.egemtv.com\/?p=83501","title":{"rendered":"G\u00fcvenilir g\u0131da yolculu\u011funda Denizlili kad\u0131nlara GEKA deste\u011fi"},"content":{"rendered":"<p>Denizli Tar\u0131m ve Orman \u0130l M\u00fcd\u00fcrl\u00fc\u011f\u00fc taraf\u0131ndan haz\u0131rlanan &#8220;G\u00fcvenilir G\u0131da Yolculu\u011funda Kad\u0131n Eli&#8221; projesi, G\u00fcney Ege Kalk\u0131nma Ajans\u0131 (GEKA) 2025 Teknik Destek Program\u0131 kapsam\u0131nda destek almaya hak kazand\u0131.<br \/>\n<br \/>Denizli\u2019de g\u00fcvenilir g\u0131da \u00fcretiminde kad\u0131n kooperatiflerinin rol\u00fcn\u00fcn g\u00fc\u00e7lendirilmesini hedefleyen proje kapsam\u0131nda, Denizli Tar\u0131m ve Orman \u0130l M\u00fcd\u00fcr\u00fc Mustafa Nevzat Zayim ile GEKA Genel Sekreteri \u00dcmit G\u00fclya\u011f\u0131 aras\u0131nda i\u015f birli\u011fi protokol\u00fc imzaland\u0131. \u0130mzalanan protokol ile kad\u0131n kooperatiflerine y\u00f6nelik e\u011fitim ve uygulama s\u00fcre\u00e7leri resmen ba\u015flat\u0131ld\u0131. Proje \u00e7er\u00e7evesinde, Denizli genelinde faaliyet g\u00f6steren kad\u0131n kooperatiflerinin g\u0131da mevzuat\u0131na uyum, hijyen uygulamalar\u0131, etiketleme ve g\u0131da g\u00fcvenli\u011fi konular\u0131nda bilgi ve uygulama kapasitelerinin art\u0131r\u0131lmas\u0131 ama\u00e7lan\u0131yor. E\u011fitim ve uygulamalarla birlikte kad\u0131n kooperatiflerinin \u00fcretim s\u00fcre\u00e7lerinde daha bilin\u00e7li ve s\u00fcrd\u00fcr\u00fclebilir bir yap\u0131 olu\u015fturmas\u0131 hedefleniyor. &#8220;G\u00fcvenilir G\u0131da Yolculu\u011funda Kad\u0131n Eli&#8221; projesinin, hem kad\u0131n eme\u011finin g\u00f6r\u00fcn\u00fcr k\u0131l\u0131nmas\u0131na hem de t\u00fcketicilere sunulan \u00fcr\u00fcnlerin g\u00fcvenilirli\u011finin art\u0131r\u0131lmas\u0131na katk\u0131 sa\u011flamas\u0131 bekleniyor. Denizli Tar\u0131m ve Orman \u0130l M\u00fcd\u00fcrl\u00fc\u011f\u00fc yetkilileri, kad\u0131nlar\u0131n \u00fcretimde daha g\u00fc\u00e7l\u00fc yer almas\u0131n\u0131n yerel kalk\u0131nmaya \u00f6nemli katk\u0131 sundu\u011funu belirterek, kad\u0131n kooperatiflerini destekleyen projelerin kararl\u0131l\u0131kla s\u00fcrd\u00fcr\u00fclece\u011fini ifade etti.<br \/><\/p>\n","protected":false},"excerpt":{"rendered":"<p>Denizli Tar\u0131m ve Orman \u0130l M\u00fcd\u00fcrl\u00fc\u011f\u00fc taraf\u0131ndan haz\u0131rlanan &#8220;G\u00fcvenilir G\u0131da Yolculu\u011funda Kad\u0131n Eli&#8221; projesi, G\u00fcney Ege Kalk\u0131nma Ajans\u0131 (GEKA) 2025 Teknik Destek Program\u0131 kapsam\u0131nda destek almaya hak kazand\u0131. Denizli\u2019de g\u00fcvenilir g\u0131da \u00fcretiminde kad\u0131n kooperatiflerinin rol\u00fcn\u00fcn g\u00fc\u00e7lendirilmesini hedefleyen proje kapsam\u0131nda, Denizli Tar\u0131m ve Orman \u0130l M\u00fcd\u00fcr\u00fc Mustafa Nevzat Zayim ile GEKA Genel Sekreteri \u00dcmit G\u00fclya\u011f\u0131 aras\u0131nda&#8230;<\/p>\n","protected":false},"author":1,"featured_media":83502,"comment_status":"open","ping_status":"open","sticky":false,"template":"","format":"standard","meta":{"_crdt_document":"","footnotes":""},"categories":[125],"tags":[],"class_list":["post-83501","post","type-post","status-publish","format-standard","has-post-thumbnail","hentry","category-ekonomi"],"_links":{"self":[{"href":"https:\/\/www.egemtv.com\/index.php?rest_route=\/wp\/v2\/posts\/83501","targetHints":{"allow":["GET"]}}],"collection":[{"href":"https:\/\/www.egemtv.com\/index.php?rest_route=\/wp\/v2\/posts"}],"about":[{"href":"https:\/\/www.egemtv.com\/index.php?rest_route=\/wp\/v2\/types\/post"}],"author":[{"embeddable":true,"href":"https:\/\/www.egemtv.com\/index.php?rest_route=\/wp\/v2\/users\/1"}],"replies":[{"embeddable":true,"href":"https:\/\/www.egemtv.com\/index.php?rest_route=%2Fwp%2Fv2%2Fcomments&post=83501"}],"version-history":[{"count":1,"href":"https:\/\/www.egemtv.com\/index.php?rest_route=\/wp\/v2\/posts\/83501\/revisions"}],"predecessor-version":[{"id":83503,"href":"https:\/\/www.egemtv.com\/index.php?rest_route=\/wp\/v2\/posts\/83501\/revisions\/83503"}],"wp:featuredmedia":[{"embeddable":true,"href":"https:\/\/www.egemtv.com\/index.php?rest_route=\/wp\/v2\/media\/83502"}],"wp:attachment":[{"href":"https:\/\/www.egemtv.com\/index.php?rest_route=%2Fwp%2Fv2%2Fmedia&parent=83501"}],"wp:term":[{"taxonomy":"category","embeddable":true,"href":"https:\/\/www.egemtv.com\/index.php?rest_route=%2Fwp%2Fv2%2Fcategories&post=83501"},{"taxonomy":"post_tag","embeddable":true,"href":"https:\/\/www.egemtv.com\/index.php?rest_route=%2Fwp%2Fv2%2Ftags&post=83501"}],"curies":[{"name":"wp","href":"https:\/\/api.w.org\/{rel}","templated":true}]}}