{"id":83498,"date":"2026-01-28T09:35:06","date_gmt":"2026-01-28T06:35:06","guid":{"rendered":"https:\/\/www.egemtv.com\/?p=83498"},"modified":"2026-01-28T09:35:08","modified_gmt":"2026-01-28T06:35:08","slug":"samanlik-yangini-korkuttu","status":"publish","type":"post","link":"https:\/\/www.egemtv.com\/?p=83498","title":{"rendered":"Samanl\u0131k yang\u0131n\u0131 korkuttu"},"content":{"rendered":"<p>Denizli\u2019de gece saatlerinde yanan samanl\u0131k korkuya neden oldu. Ekiplerin yo\u011fun u\u011fra\u015flar\u0131 sonucu yang\u0131n k\u0131sa s\u00fcrede kontrol alt\u0131na al\u0131nd\u0131.<br \/>\n<br \/>Yang\u0131n, Pamukkale il\u00e7esi Goncal\u0131 Mahallesi\u2019nde meydana geldi. Edinilen bilgilere g\u00f6re, gece saatlerinde hen\u00fcz bilinmeyen bir nedenle \u00e7\u0131kan yang\u0131nda samanl\u0131k k\u0131sa s\u00fcrede alevlere teslim oldu. Yo\u011fun duman\u0131 fark eden vatanda\u015flar durumu 112 Acil \u00c7a\u011fr\u0131 Merkezi\u2019ne bildirdi. \u0130hbar \u00fczerine b\u00f6lgeye Denizli B\u00fcy\u00fck\u015fehir Belediyesi \u0130tfaiye Daire Ba\u015fkanl\u0131\u011f\u0131\u2019na ba\u011fl\u0131 ekipler sevk edildi. Olay yerine gelen itfaiye ekipleri, yang\u0131n\u0131n \u00e7evredeki yap\u0131lara s\u0131\u00e7ramamas\u0131 i\u00e7in yo\u011fun \u00e7aba sarf etti. Yap\u0131lan \u00e7al\u0131\u015fmalar sonucu yang\u0131n kontrol alt\u0131na al\u0131narak s\u00f6nd\u00fcr\u00fcld\u00fc. Yang\u0131nda samanl\u0131kta maddi hasar meydana gelirken, herhangi bir can kayb\u0131 ya da yaralanman\u0131n olmad\u0131\u011f\u0131 \u00f6\u011frenildi.<br \/>\n<br \/>\u00d6te yandan, yang\u0131n\u0131n \u00e7\u0131k\u0131\u015f nedeniyle ilgili inceleme ba\u015flat\u0131ld\u0131.<br \/><\/p>\n","protected":false},"excerpt":{"rendered":"<p>Denizli\u2019de gece saatlerinde yanan samanl\u0131k korkuya neden oldu. Ekiplerin yo\u011fun u\u011fra\u015flar\u0131 sonucu yang\u0131n k\u0131sa s\u00fcrede kontrol alt\u0131na al\u0131nd\u0131. Yang\u0131n, Pamukkale il\u00e7esi Goncal\u0131 Mahallesi\u2019nde meydana geldi. Edinilen bilgilere g\u00f6re, gece saatlerinde hen\u00fcz bilinmeyen bir nedenle \u00e7\u0131kan yang\u0131nda samanl\u0131k k\u0131sa s\u00fcrede alevlere teslim oldu. Yo\u011fun duman\u0131 fark eden vatanda\u015flar durumu 112 Acil \u00c7a\u011fr\u0131 Merkezi\u2019ne bildirdi. \u0130hbar \u00fczerine&#8230;<\/p>\n","protected":false},"author":1,"featured_media":83499,"comment_status":"open","ping_status":"open","sticky":false,"template":"","format":"standard","meta":{"_crdt_document":"","footnotes":""},"categories":[5],"tags":[],"class_list":["post-83498","post","type-post","status-publish","format-standard","has-post-thumbnail","hentry","category-asayis"],"_links":{"self":[{"href":"https:\/\/www.egemtv.com\/index.php?rest_route=\/wp\/v2\/posts\/83498","targetHints":{"allow":["GET"]}}],"collection":[{"href":"https:\/\/www.egemtv.com\/index.php?rest_route=\/wp\/v2\/posts"}],"about":[{"href":"https:\/\/www.egemtv.com\/index.php?rest_route=\/wp\/v2\/types\/post"}],"author":[{"embeddable":true,"href":"https:\/\/www.egemtv.com\/index.php?rest_route=\/wp\/v2\/users\/1"}],"replies":[{"embeddable":true,"href":"https:\/\/www.egemtv.com\/index.php?rest_route=%2Fwp%2Fv2%2Fcomments&post=83498"}],"version-history":[{"count":1,"href":"https:\/\/www.egemtv.com\/index.php?rest_route=\/wp\/v2\/posts\/83498\/revisions"}],"predecessor-version":[{"id":83500,"href":"https:\/\/www.egemtv.com\/index.php?rest_route=\/wp\/v2\/posts\/83498\/revisions\/83500"}],"wp:featuredmedia":[{"embeddable":true,"href":"https:\/\/www.egemtv.com\/index.php?rest_route=\/wp\/v2\/media\/83499"}],"wp:attachment":[{"href":"https:\/\/www.egemtv.com\/index.php?rest_route=%2Fwp%2Fv2%2Fmedia&parent=83498"}],"wp:term":[{"taxonomy":"category","embeddable":true,"href":"https:\/\/www.egemtv.com\/index.php?rest_route=%2Fwp%2Fv2%2Fcategories&post=83498"},{"taxonomy":"post_tag","embeddable":true,"href":"https:\/\/www.egemtv.com\/index.php?rest_route=%2Fwp%2Fv2%2Ftags&post=83498"}],"curies":[{"name":"wp","href":"https:\/\/api.w.org\/{rel}","templated":true}]}}