{"id":83495,"date":"2026-01-28T09:35:04","date_gmt":"2026-01-28T06:35:04","guid":{"rendered":"https:\/\/www.egemtv.com\/?p=83495"},"modified":"2026-01-28T09:35:06","modified_gmt":"2026-01-28T06:35:06","slug":"aydinda-ilk-olacak-gencler-is-dunyasiyla-bulusacak","status":"publish","type":"post","link":"https:\/\/www.egemtv.com\/?p=83495","title":{"rendered":"Ayd\u0131n\u2019da ilk olacak, gen\u00e7ler i\u015f d\u00fcnyas\u0131yla bulu\u015facak"},"content":{"rendered":"<p>Cumhurba\u015fkanl\u0131\u011f\u0131 himayelerinde ger\u00e7ekle\u015ftirilecek Ege Kariyer Fuar\u0131, ilk kez Ayd\u0131n\u2019da kap\u0131lar\u0131n\u0131 a\u00e7maya haz\u0131rlan\u0131rken Ayd\u0131n Valisi Yakup Canbolat, kamu, \u00f6zel sekt\u00f6r ve sivil toplum kurulu\u015flar\u0131n\u0131 fuara katk\u0131 sunmaya davet etti.<\/p>\n<p>Cumhurba\u015fkan\u0131 Recep Tayyip Erdo\u011fan\u2019\u0131n himayelerinde Ayd\u0131n \u0130\u015f Bulma Kurumu, Adnan Menderes \u00dcniversitesi ve Savunma Sanayi Ba\u015fkanl\u0131\u011f\u0131 i\u015fbirli\u011fiyle Ege Kariyer Fuar\u0131 (EGEKAF\u201926) 15-16 Nisan 2026 tarihlerinde Ayd\u0131n\u2019da ilk kez d\u00fczenlenecek. &#8220;Yetenek Her Yerde&#8221; temas\u0131yla hayata ge\u00e7irilen B\u00f6lgesel Kariyer Fuarlar\u0131 kapsam\u0131nda ger\u00e7ekle\u015ftirilecek EGEKAF\u201926\u2019da \u00fcniversite ve meslek lisesi \u00f6\u011frencileri, i\u015f arayanlar ve i\u015fverenler bir araya gelecek. Fuar\u0131n, gen\u00e7lerin kariyer planlamalar\u0131na katk\u0131 sa\u011flamas\u0131 ve istihdam imkanlar\u0131n\u0131 art\u0131rmas\u0131 hedeflenirken, Ayd\u0131n Valisi Yakup Canbolat ise kamu, \u00f6zel sekt\u00f6r ve sivil toplum kurulu\u015flar\u0131n\u0131 fuara katk\u0131 sunmaya davet etti.<\/p>\n<p>&#8220;Gen\u00e7lerimizi i\u015f verenlerimiz ile bulu\u015fturaca\u011f\u0131z&#8221;<br \/>\n<br \/>Ayd\u0131n\u2019da ilk kez d\u00fczenlenecek olan fuarda \u00fcniversite ve meslek lisesi \u00f6\u011frencilerini ve i\u015f arayanlar\u0131, i\u015f verenler bulu\u015fturacaklar\u0131n\u0131 ifade eden Ayd\u0131n Valisi Yakup Canbolat; &#8220;\u00dclkemizde oldu\u011fu gibi t\u00fcm devletler, istihdam\u0131n art\u0131r\u0131lmas\u0131 ve i\u015fsizli\u011fin \u00f6nlenmesi i\u00e7in politikalar olu\u015fturmaktad\u0131r. \u0130\u015fsizli\u011fin \u00f6nlenmesi ve istihdam\u0131n art\u0131r\u0131lmas\u0131 i\u00e7in ilgili kurumlar\u0131m\u0131z ile birlikte ciddi bir dayan\u0131\u015fma i\u00e7erisindeyiz. G\u00fcn\u00fcm\u00fcz d\u00fcnyas\u0131nda de\u011fi\u015fen \u00fcretim anlay\u0131\u015f\u0131n\u0131n sonucu olarak firmalar, art\u0131k verimliliklerini art\u0131racak nitelikli i\u015fg\u00fcc\u00fcn\u00fcn aray\u0131\u015f\u0131 i\u00e7indedirler. Sekt\u00f6rlerin ihtiya\u00e7 duydu\u011fu nitelikli i\u015fg\u00fcc\u00fcn\u00fcn yeti\u015ftirilmesi amac\u0131yla e\u011fitim, istihdam, \u00fcretim \u00e7er\u00e7evesinde mesleki e\u011fitimi g\u00fc\u00e7lendirme \u00e7al\u0131\u015fmalar\u0131m\u0131z artarak devam etmektedir. Bu kapsamda Cumhurba\u015fkan\u0131m\u0131z Recep Tayyip Erdo\u011fan taraf\u0131ndan duyurulan Gen\u00e7li\u011fin \u00dcretim \u00c7a\u011f\u0131 (G\u00dc\u00c7) projesiyle gen\u00e7lerimizin kal\u0131c\u0131, kay\u0131tl\u0131 ve nitelikli istihdam i\u00e7erisine girmelerini sa\u011flamay\u0131 hedefliyoruz. E\u011fitimden istihdama, stajdan ilk i\u015fe meslek lisesinden \u00fcniversiteye kadar gen\u00e7lerimizin hayat\u0131na dokunmay\u0131 ama\u00e7l\u0131yoruz. Gen\u00e7lik Program\u0131, Ulusal Staj Program\u0131, \u0130\u015fg\u00fcc\u00fc Uyum Program\u0131, \u0130\u015fe \u0130lk Ad\u0131m Projesi gibi enstr\u00fcmanlar ile gen\u00e7lerimizi i\u015f hayat\u0131na entegre etmeyi planl\u0131yoruz. 15-16 Nisan 2026 tarihlerinde Cumhurba\u015fkanl\u0131\u011f\u0131m\u0131z himayelerinde Ayd\u0131n i\u015f bulma kurumu, Adnan Menderes \u00dcniversitesi ve Savunma Sanayi Ba\u015fkanl\u0131\u011f\u0131 i\u015fbirli\u011fi ile ilimizde ilk kez Ege Kariyer Fuar\u0131 (EGEKAF\u201926) d\u00fczenlenecektir. Bu fuarda \u00fcniversite ve meslek lisesi \u00f6\u011frencilerimizi, i\u015f arayanlar\u0131, i\u015f verenlerimiz ile bulu\u015fturaca\u011f\u0131z. Fuara, i\u015f verenlerin, sivil toplum kurulu\u015flar\u0131n\u0131n, oda ve borsalar\u0131m\u0131z\u0131n katk\u0131da bulunmalar\u0131n\u0131 bekliyoruz&#8221; dedi.<br \/><\/p>\n","protected":false},"excerpt":{"rendered":"<p>Cumhurba\u015fkanl\u0131\u011f\u0131 himayelerinde ger\u00e7ekle\u015ftirilecek Ege Kariyer Fuar\u0131, ilk kez Ayd\u0131n\u2019da kap\u0131lar\u0131n\u0131 a\u00e7maya haz\u0131rlan\u0131rken Ayd\u0131n Valisi Yakup Canbolat, kamu, \u00f6zel sekt\u00f6r ve sivil toplum kurulu\u015flar\u0131n\u0131 fuara katk\u0131 sunmaya davet etti. Cumhurba\u015fkan\u0131 Recep Tayyip Erdo\u011fan\u2019\u0131n himayelerinde Ayd\u0131n \u0130\u015f Bulma Kurumu, Adnan Menderes \u00dcniversitesi ve Savunma Sanayi Ba\u015fkanl\u0131\u011f\u0131 i\u015fbirli\u011fiyle Ege Kariyer Fuar\u0131 (EGEKAF\u201926) 15-16 Nisan 2026 tarihlerinde Ayd\u0131n\u2019da ilk&#8230;<\/p>\n","protected":false},"author":1,"featured_media":83496,"comment_status":"open","ping_status":"open","sticky":false,"template":"","format":"standard","meta":{"_crdt_document":"","footnotes":""},"categories":[125],"tags":[],"class_list":["post-83495","post","type-post","status-publish","format-standard","has-post-thumbnail","hentry","category-ekonomi"],"_links":{"self":[{"href":"https:\/\/www.egemtv.com\/index.php?rest_route=\/wp\/v2\/posts\/83495","targetHints":{"allow":["GET"]}}],"collection":[{"href":"https:\/\/www.egemtv.com\/index.php?rest_route=\/wp\/v2\/posts"}],"about":[{"href":"https:\/\/www.egemtv.com\/index.php?rest_route=\/wp\/v2\/types\/post"}],"author":[{"embeddable":true,"href":"https:\/\/www.egemtv.com\/index.php?rest_route=\/wp\/v2\/users\/1"}],"replies":[{"embeddable":true,"href":"https:\/\/www.egemtv.com\/index.php?rest_route=%2Fwp%2Fv2%2Fcomments&post=83495"}],"version-history":[{"count":1,"href":"https:\/\/www.egemtv.com\/index.php?rest_route=\/wp\/v2\/posts\/83495\/revisions"}],"predecessor-version":[{"id":83497,"href":"https:\/\/www.egemtv.com\/index.php?rest_route=\/wp\/v2\/posts\/83495\/revisions\/83497"}],"wp:featuredmedia":[{"embeddable":true,"href":"https:\/\/www.egemtv.com\/index.php?rest_route=\/wp\/v2\/media\/83496"}],"wp:attachment":[{"href":"https:\/\/www.egemtv.com\/index.php?rest_route=%2Fwp%2Fv2%2Fmedia&parent=83495"}],"wp:term":[{"taxonomy":"category","embeddable":true,"href":"https:\/\/www.egemtv.com\/index.php?rest_route=%2Fwp%2Fv2%2Fcategories&post=83495"},{"taxonomy":"post_tag","embeddable":true,"href":"https:\/\/www.egemtv.com\/index.php?rest_route=%2Fwp%2Fv2%2Ftags&post=83495"}],"curies":[{"name":"wp","href":"https:\/\/api.w.org\/{rel}","templated":true}]}}