{"id":83492,"date":"2026-01-28T07:54:33","date_gmt":"2026-01-28T04:54:33","guid":{"rendered":"https:\/\/www.egemtv.com\/?p=83492"},"modified":"2026-01-28T07:54:34","modified_gmt":"2026-01-28T04:54:34","slug":"alasehirde-ev-yangini-korkuttu","status":"publish","type":"post","link":"https:\/\/www.egemtv.com\/?p=83492","title":{"rendered":"Ala\u015fehir\u2019de ev yang\u0131n\u0131 korkuttu"},"content":{"rendered":"<p>MAN\u0130SA (\u0130HA) \u2013 Manisa\u2019n\u0131n Ala\u015fehir il\u00e7esinde sabaha kar\u015f\u0131 bir apartman\u0131n son kat\u0131nda \u00e7\u0131kan yang\u0131n pani\u011fe neden olurken, olayda can kayb\u0131 ya\u015fanmad\u0131.<br \/>\n<br \/>Manisa\u2019n\u0131n Ala\u015fehir il\u00e7esinde sabaha kar\u015f\u0131 \u00e7\u0131kan ev yang\u0131n\u0131 pani\u011fe neden oldu. Yenice Mahallesi Hanlar Caddesi No 3\u2019te bulunan 4 katl\u0131 bir binan\u0131n son kat\u0131ndaki dairenin balkonunda \u00e7\u0131kan yang\u0131nda maddi hasar meydana geldi.<br \/>\n<br \/>Edinilen bilgiye g\u00f6re, saat 05.00 s\u0131ralar\u0131nda S.B.\u2019ye ait dairenin balkonunda hen\u00fcz belirlenemeyen bir nedenle yang\u0131n \u00e7\u0131kt\u0131. Balkondan y\u00fckselen alevleri fark eden ev sahibi kendisini d\u0131\u015far\u0131 atarak durumu itfaiyeye bildirdi.<br \/>\n<br \/>\u0130hbar \u00fczerine olay yerine itfaiye, sa\u011fl\u0131k ve polis ekipleri sevk edildi. K\u0131sa s\u00fcrede olay yerine ula\u015fan itfaiye ekipleri yang\u0131na m\u00fcdahale ederek alevlerin dairenin di\u011fer b\u00f6l\u00fcmlerine ve binaya s\u0131\u00e7ramas\u0131n\u0131 \u00f6nledi. Yang\u0131n s\u0131ras\u0131nda tedbir amac\u0131yla apartman sakinleri binadan tahliye edildi.<br \/>\n<br \/>G\u00f6rg\u00fc tan\u0131klar\u0131, balkonda bulunan e\u015fyalar\u0131n yanmas\u0131 sonucu alevlerin y\u00fckseldi\u011fini, itfaiye ekiplerinin h\u0131zl\u0131 m\u00fcdahalesi sayesinde yang\u0131n\u0131n b\u00fcy\u00fcmeden kontrol alt\u0131na al\u0131nd\u0131\u011f\u0131n\u0131 ifade etti.<br \/>\n<br \/>Yang\u0131nda can kayb\u0131 veya yaralanma ya\u015fanmazken, dairede maddi hasar olu\u015ftu. Polis ekipleri olayla ilgili inceleme ba\u015flatt\u0131.<br \/><\/p>\n","protected":false},"excerpt":{"rendered":"<p>MAN\u0130SA (\u0130HA) \u2013 Manisa\u2019n\u0131n Ala\u015fehir il\u00e7esinde sabaha kar\u015f\u0131 bir apartman\u0131n son kat\u0131nda \u00e7\u0131kan yang\u0131n pani\u011fe neden olurken, olayda can kayb\u0131 ya\u015fanmad\u0131. Manisa\u2019n\u0131n Ala\u015fehir il\u00e7esinde sabaha kar\u015f\u0131 \u00e7\u0131kan ev yang\u0131n\u0131 pani\u011fe neden oldu. Yenice Mahallesi Hanlar Caddesi No 3\u2019te bulunan 4 katl\u0131 bir binan\u0131n son kat\u0131ndaki dairenin balkonunda \u00e7\u0131kan yang\u0131nda maddi hasar meydana geldi. Edinilen bilgiye&#8230;<\/p>\n","protected":false},"author":1,"featured_media":83493,"comment_status":"open","ping_status":"open","sticky":false,"template":"","format":"standard","meta":{"_crdt_document":"","footnotes":""},"categories":[5],"tags":[],"class_list":["post-83492","post","type-post","status-publish","format-standard","has-post-thumbnail","hentry","category-asayis"],"_links":{"self":[{"href":"https:\/\/www.egemtv.com\/index.php?rest_route=\/wp\/v2\/posts\/83492","targetHints":{"allow":["GET"]}}],"collection":[{"href":"https:\/\/www.egemtv.com\/index.php?rest_route=\/wp\/v2\/posts"}],"about":[{"href":"https:\/\/www.egemtv.com\/index.php?rest_route=\/wp\/v2\/types\/post"}],"author":[{"embeddable":true,"href":"https:\/\/www.egemtv.com\/index.php?rest_route=\/wp\/v2\/users\/1"}],"replies":[{"embeddable":true,"href":"https:\/\/www.egemtv.com\/index.php?rest_route=%2Fwp%2Fv2%2Fcomments&post=83492"}],"version-history":[{"count":1,"href":"https:\/\/www.egemtv.com\/index.php?rest_route=\/wp\/v2\/posts\/83492\/revisions"}],"predecessor-version":[{"id":83494,"href":"https:\/\/www.egemtv.com\/index.php?rest_route=\/wp\/v2\/posts\/83492\/revisions\/83494"}],"wp:featuredmedia":[{"embeddable":true,"href":"https:\/\/www.egemtv.com\/index.php?rest_route=\/wp\/v2\/media\/83493"}],"wp:attachment":[{"href":"https:\/\/www.egemtv.com\/index.php?rest_route=%2Fwp%2Fv2%2Fmedia&parent=83492"}],"wp:term":[{"taxonomy":"category","embeddable":true,"href":"https:\/\/www.egemtv.com\/index.php?rest_route=%2Fwp%2Fv2%2Fcategories&post=83492"},{"taxonomy":"post_tag","embeddable":true,"href":"https:\/\/www.egemtv.com\/index.php?rest_route=%2Fwp%2Fv2%2Ftags&post=83492"}],"curies":[{"name":"wp","href":"https:\/\/api.w.org\/{rel}","templated":true}]}}