{"id":83489,"date":"2026-01-28T00:34:41","date_gmt":"2026-01-27T21:34:41","guid":{"rendered":"https:\/\/www.egemtv.com\/?p=83489"},"modified":"2026-01-28T00:34:42","modified_gmt":"2026-01-27T21:34:42","slug":"marmarisi-saganak-yagis-vurdu-araclar-suda-mahsur-kaldi","status":"publish","type":"post","link":"https:\/\/www.egemtv.com\/?p=83489","title":{"rendered":"Marmaris\u2019i sa\u011fanak ya\u011f\u0131\u015f vurdu, ara\u00e7lar suda mahsur kald\u0131"},"content":{"rendered":"<p>Mu\u011fla\u2019n\u0131n Marmaris il\u00e7esinde sa\u011fanak ya\u011f\u0131\u015f sebebiyle suya saplanan bir ara\u00e7 ekiplerin m\u00fcdahalesiyle kurtar\u0131l\u0131rken, bir\u00e7ok yol adeta g\u00f6le d\u00f6nd\u00fc.<br \/>\n<br \/>Mu\u011fla\u2019n\u0131n Marmaris il\u00e7esinde ak\u015fam saatlerinde etkili olan sa\u011fanak ya\u011f\u0131\u015f, hayat\u0131 olumsuz etkiledi. Yo\u011fun ya\u011f\u0131\u015f sebebiyle kentin bir\u00e7ok noktas\u0131nda dereler ta\u015farken, yollar da g\u00f6le d\u00f6nd\u00fc. Ya\u011f\u0131\u015flar, \u00f6zellikle il\u00e7enin k\u0131rsal mahallerini vururken, Turun\u00e7 Mahallesi Dere\u00f6z\u00fc mevkiinde bir ara\u00e7 suya sapland\u0131, da\u011flardan akan \u00e7amur ve kaya par\u00e7alar\u0131 yollar\u0131 kapatt\u0131. \u0130hbar \u00fczerine h\u0131zla b\u00f6lgeye giden Mu\u011fla B\u00fcy\u00fck\u015fehir Belediyesi zab\u0131ta ve itfaiye ekipleri ile Marmaris Orman \u0130\u015fletme M\u00fcd\u00fcrl\u00fc\u011f\u00fc ekipleri i\u015f makinalar\u0131 ile yollar\u0131 a\u00e7t\u0131. Yolun a\u00e7\u0131lmas\u0131yla birlikte suya saplanan araca ula\u015fan ekipler, \u00e7al\u0131\u015fmalar\u0131n ard\u0131ndan mahsur kalan arac\u0131 \u00e7\u0131kard\u0131. Osmaniye Mahallesi\u2019ndeki yollarda da g\u00f6\u00e7\u00fckler meydana geldi. \u00c7iftlik Mahallesi\u2019ndeki yollar ise g\u00f6le d\u00f6nd\u00fc. \u0130\u00e7meler Mahallesi\u2019nde de etkili olan ya\u011f\u0131\u015f sonras\u0131nda bodrum kattaki baz\u0131 evleri su bast\u0131. Ekiplerin, kapanan yollar\u0131n a\u00e7\u0131lmas\u0131 ve ta\u015fk\u0131n olan b\u00f6lgelere m\u00fcdahale edilebilmesi i\u00e7in sabaha kadar \u00e7al\u0131\u015fma yapacaklar\u0131 \u00f6\u011frenildi.<br \/>\n<br \/>\u015eans eseri olaylarda can kayb\u0131 veya yaralanma ya\u015fanmazken, ya\u011f\u0131\u015flar\u0131n etkili oldu\u011fu il\u00e7ede maddi zararlar meydana geldi.<br \/><\/p>\n","protected":false},"excerpt":{"rendered":"<p>Mu\u011fla\u2019n\u0131n Marmaris il\u00e7esinde sa\u011fanak ya\u011f\u0131\u015f sebebiyle suya saplanan bir ara\u00e7 ekiplerin m\u00fcdahalesiyle kurtar\u0131l\u0131rken, bir\u00e7ok yol adeta g\u00f6le d\u00f6nd\u00fc. Mu\u011fla\u2019n\u0131n Marmaris il\u00e7esinde ak\u015fam saatlerinde etkili olan sa\u011fanak ya\u011f\u0131\u015f, hayat\u0131 olumsuz etkiledi. Yo\u011fun ya\u011f\u0131\u015f sebebiyle kentin bir\u00e7ok noktas\u0131nda dereler ta\u015farken, yollar da g\u00f6le d\u00f6nd\u00fc. Ya\u011f\u0131\u015flar, \u00f6zellikle il\u00e7enin k\u0131rsal mahallerini vururken, Turun\u00e7 Mahallesi Dere\u00f6z\u00fc mevkiinde bir ara\u00e7 suya&#8230;<\/p>\n","protected":false},"author":1,"featured_media":83490,"comment_status":"open","ping_status":"open","sticky":false,"template":"","format":"standard","meta":{"_crdt_document":"","footnotes":""},"categories":[1],"tags":[],"class_list":["post-83489","post","type-post","status-publish","format-standard","has-post-thumbnail","hentry","category-guncel"],"_links":{"self":[{"href":"https:\/\/www.egemtv.com\/index.php?rest_route=\/wp\/v2\/posts\/83489","targetHints":{"allow":["GET"]}}],"collection":[{"href":"https:\/\/www.egemtv.com\/index.php?rest_route=\/wp\/v2\/posts"}],"about":[{"href":"https:\/\/www.egemtv.com\/index.php?rest_route=\/wp\/v2\/types\/post"}],"author":[{"embeddable":true,"href":"https:\/\/www.egemtv.com\/index.php?rest_route=\/wp\/v2\/users\/1"}],"replies":[{"embeddable":true,"href":"https:\/\/www.egemtv.com\/index.php?rest_route=%2Fwp%2Fv2%2Fcomments&post=83489"}],"version-history":[{"count":1,"href":"https:\/\/www.egemtv.com\/index.php?rest_route=\/wp\/v2\/posts\/83489\/revisions"}],"predecessor-version":[{"id":83491,"href":"https:\/\/www.egemtv.com\/index.php?rest_route=\/wp\/v2\/posts\/83489\/revisions\/83491"}],"wp:featuredmedia":[{"embeddable":true,"href":"https:\/\/www.egemtv.com\/index.php?rest_route=\/wp\/v2\/media\/83490"}],"wp:attachment":[{"href":"https:\/\/www.egemtv.com\/index.php?rest_route=%2Fwp%2Fv2%2Fmedia&parent=83489"}],"wp:term":[{"taxonomy":"category","embeddable":true,"href":"https:\/\/www.egemtv.com\/index.php?rest_route=%2Fwp%2Fv2%2Fcategories&post=83489"},{"taxonomy":"post_tag","embeddable":true,"href":"https:\/\/www.egemtv.com\/index.php?rest_route=%2Fwp%2Fv2%2Ftags&post=83489"}],"curies":[{"name":"wp","href":"https:\/\/api.w.org\/{rel}","templated":true}]}}